{"id":434,"date":"2010-01-16T12:00:00","date_gmt":"2010-01-16T12:00:00","guid":{"rendered":"http:\/\/blogs.ideal.es\/cocina\/?p=434"},"modified":"2010-01-16T12:00:00","modified_gmt":"2010-01-16T12:00:00","slug":"las-noches-magicas-artevino-ruta-del-veleta","status":"publish","type":"post","link":"https:\/\/blogs.ideal.es\/cocina\/2010\/01\/16\/las-noches-magicas-artevino-ruta-del-veleta\/","title":{"rendered":"Las Noches M\u00e1gicas de Artevino en Ruta del Veleta"},"content":{"rendered":"<p><IMG class=imgcen id=img_0 src=\"\/cocina\/wp-content\/uploads\/sites\/9\/189841_FachadaRVeleta.jpg\">  <H4>JORNADA GASTRON\u00d3MICA EN LA RUTA DEL VELETA, CON EL RESTAURANTE ZALDIAR\u00c1N DE VITORIA, INVITADO<br \/>\n<\/H4><br \/>\n<EM>El d\u00eda 19 de enero, el restaurante Zaldiar\u00e1n de Vitoria, estrella Michelin, ofrece una cata de vinos de Rioja, Toro y Ribera del Duero, junto a una cena gastron\u00f3mica en la Ruta del Veleta. Siete platos muy especiales maridado con diferentes vinos son los que se ofrecer\u00e1n a los comensales asistentes a la cena.<br \/>\n<\/EM><br \/>\nEl festival culinario comienza con una cata de vinos de Bodegas Izadi de Rioja Alta, Finca Villacreces de Ribera de Duero, Vetus de DO Toro y Orben de Rioja. El men\u00fa que se sirve a continuaci\u00f3n es: <\/p>\n<p>Aperitivos: Jugo de tomate traslucido con berberechos, mamia y caviar ahumado y una Crema de queso con frutos secos y anchoas. Todo regado con blanco Izadi, fermentado en barrica, cosecha 2008<\/p>\n<p>Se continuar\u00e1 con un Carpaccio de carabineros, marinado de aceite y helado de apio. Continuando con Patata confitada con foie, manzana, trufa y su vinagreta. Regado con el tinto Pruno de la DO Ribera del Duero 2008.<\/p>\n<p>Le sigue Taco de bacalao asado, espinacas a la crema y y pur\u00e9 ligero de garbanzos, regado con tinto Orben, de Rioja alavesa, cosecha 2006 que tambi\u00e9n ser\u00e1 el vino que acompa\u00f1e el Pich\u00f3n asado de trigo sarracena y salsa perigord. De postre Crema de lim\u00f3n con granizado de gin-tonic y sorbete de lima. Y un buen caf\u00e9 de Colombia.<\/p>\n<p>Habr\u00e1 un debate posterior a la cena donde intervienen los anfitriones, Miguel y Jos\u00e9 Pedraza, propietarios del restaurante y el jefe de cocina del Zaldiar\u00e1n,. Patxi Eceiza. <\/p>\n<p><STRONG>Direcci\u00f3n:<\/STRONG> Crta de la Sierra. 136 Granada<br \/>\n<STRONG>Tel\u00e9fono:<\/STRONG> 958 486 134<br \/>\n<STRONG>Precio :<\/STRONG> 60 euros con vinos. Plazas muy limitadas.<\/p>\n<!-- AddThis Advanced Settings generic via filter on the_content --><!-- AddThis Share Buttons generic via filter on the_content -->","protected":false},"excerpt":{"rendered":"<p>JORNADA GASTRON\u00d3MICA EN LA RUTA DEL VELETA, CON EL RESTAURANTE ZALDIAR\u00c1N DE VITORIA, INVITADO El d\u00eda 19 de enero, el restaurante Zaldiar\u00e1n de Vitoria, estrella Michelin, ofrece una cata de vinos de Rioja, Toro y Ribera del Duero, junto a una cena gastron\u00f3mica en la Ruta del Veleta. Siete platos muy especiales maridado con diferentes [&hellip;]<!-- AddThis Advanced Settings generic via filter on get_the_excerpt --><!-- AddThis Share Buttons generic via filter on get_the_excerpt --><\/p>\n","protected":false},"author":5,"featured_media":0,"comment_status":"open","ping_status":"closed","sticky":false,"template":"","format":"standard","meta":[],"categories":[3],"tags":[],"_links":{"self":[{"href":"https:\/\/blogs.ideal.es\/cocina\/wp-json\/wp\/v2\/posts\/434"}],"collection":[{"href":"https:\/\/blogs.ideal.es\/cocina\/wp-json\/wp\/v2\/posts"}],"about":[{"href":"https:\/\/blogs.ideal.es\/cocina\/wp-json\/wp\/v2\/types\/post"}],"author":[{"embeddable":true,"href":"https:\/\/blogs.ideal.es\/cocina\/wp-json\/wp\/v2\/users\/5"}],"replies":[{"embeddable":true,"href":"https:\/\/blogs.ideal.es\/cocina\/wp-json\/wp\/v2\/comments?post=434"}],"version-history":[{"count":0,"href":"https:\/\/blogs.ideal.es\/cocina\/wp-json\/wp\/v2\/posts\/434\/revisions"}],"wp:attachment":[{"href":"https:\/\/blogs.ideal.es\/cocina\/wp-json\/wp\/v2\/media?parent=434"}],"wp:term":[{"taxonomy":"category","embeddable":true,"href":"https:\/\/blogs.ideal.es\/cocina\/wp-json\/wp\/v2\/categories?post=434"},{"taxonomy":"post_tag","embeddable":true,"href":"https:\/\/blogs.ideal.es\/cocina\/wp-json\/wp\/v2\/tags?post=434"}],"curies":[{"name":"wp","href":"https:\/\/api.w.org\/{rel}","templated":true}]}}