{"id":475,"date":"2010-03-09T20:09:00","date_gmt":"2010-03-09T20:09:00","guid":{"rendered":"http:\/\/blogs.ideal.es\/cocina\/?p=475"},"modified":"2010-03-09T20:09:00","modified_gmt":"2010-03-09T20:09:00","slug":"munana-2-cepas","status":"publish","type":"post","link":"https:\/\/blogs.ideal.es\/cocina\/2010\/03\/09\/munana-2-cepas\/","title":{"rendered":"Mu\u00f1ana 2 Cepas"},"content":{"rendered":"<p><IMG class=imgcen id=img_0 src=\"\/cocina\/wp-content\/uploads\/sites\/9\/v030310-munana-.jpg\"><\/p>\n<p> <H4>Mu\u00f1ana 2 Cepas <\/H4> La Bodega Se\u00f1or\u00edo Nazar\u00ed, propiedad del grupo de J. Juli\u00e1n Consulting, est\u00e1 situada en la Finca Pe\u00f1as Prietas, en el municipio de Cortes y Graena, a una altura de 1.200. El tinto 2 Cepas se hace con tempranillo y cabernet sauvignon. Con una crianza de 12 meses. Ensamblado est\u00e1 redondo, grato y a\u00fan con car\u00e1cter. <\/p>\n<!-- AddThis Advanced Settings generic via filter on the_content --><!-- AddThis Share Buttons generic via filter on the_content -->","protected":false},"excerpt":{"rendered":"<p>Mu\u00f1ana 2 Cepas La Bodega Se\u00f1or\u00edo Nazar\u00ed, propiedad del grupo de J. Juli\u00e1n Consulting, est\u00e1 situada en la Finca Pe\u00f1as Prietas, en el municipio de Cortes y Graena, a una altura de 1.200. El tinto 2 Cepas se hace con tempranillo y cabernet sauvignon. Con una crianza de 12 meses. Ensamblado est\u00e1 redondo, grato y [&hellip;]<!-- AddThis Advanced Settings generic via filter on get_the_excerpt --><!-- AddThis Share Buttons generic via filter on get_the_excerpt --><\/p>\n","protected":false},"author":5,"featured_media":0,"comment_status":"open","ping_status":"closed","sticky":false,"template":"","format":"standard","meta":[],"categories":[16],"tags":[],"_links":{"self":[{"href":"https:\/\/blogs.ideal.es\/cocina\/wp-json\/wp\/v2\/posts\/475"}],"collection":[{"href":"https:\/\/blogs.ideal.es\/cocina\/wp-json\/wp\/v2\/posts"}],"about":[{"href":"https:\/\/blogs.ideal.es\/cocina\/wp-json\/wp\/v2\/types\/post"}],"author":[{"embeddable":true,"href":"https:\/\/blogs.ideal.es\/cocina\/wp-json\/wp\/v2\/users\/5"}],"replies":[{"embeddable":true,"href":"https:\/\/blogs.ideal.es\/cocina\/wp-json\/wp\/v2\/comments?post=475"}],"version-history":[{"count":0,"href":"https:\/\/blogs.ideal.es\/cocina\/wp-json\/wp\/v2\/posts\/475\/revisions"}],"wp:attachment":[{"href":"https:\/\/blogs.ideal.es\/cocina\/wp-json\/wp\/v2\/media?parent=475"}],"wp:term":[{"taxonomy":"category","embeddable":true,"href":"https:\/\/blogs.ideal.es\/cocina\/wp-json\/wp\/v2\/categories?post=475"},{"taxonomy":"post_tag","embeddable":true,"href":"https:\/\/blogs.ideal.es\/cocina\/wp-json\/wp\/v2\/tags?post=475"}],"curies":[{"name":"wp","href":"https:\/\/api.w.org\/{rel}","templated":true}]}}