{"id":489,"date":"2010-03-28T19:35:00","date_gmt":"2010-03-28T19:35:00","guid":{"rendered":"http:\/\/blogs.ideal.es\/cocina\/?p=489"},"modified":"2010-03-28T19:35:00","modified_gmt":"2010-03-28T19:35:00","slug":"ensalada-tomate-y-ajo","status":"publish","type":"post","link":"https:\/\/blogs.ideal.es\/cocina\/2010\/03\/28\/ensalada-tomate-y-ajo\/","title":{"rendered":"Ensalada de tomate y ajo"},"content":{"rendered":"<p><IMG class=imgcen id=img_0 src=\"\/cocina\/wp-content\/uploads\/sites\/9\/220310.jpg\"><\/p>\n<p>M\u00e1s que una receta es un consejo nutricional. Hay que tomar m\u00e1s productos naturales y los tomates, ajo y aceite son muy saludables.<br \/>\nIngredientes:<br \/>\n3 tomates de cultivo ecol\u00f3gico<br \/>\nDientes de ajos al gusto<br \/>\nPerejil fresco<br \/>\nAceite de oliva virgen extra picual<br \/>\nSal Maldon<br \/>\nVinagre de Pedro Ximenez<br \/>\nElaboraci\u00f3n:<br \/>\nLavar y cortar en trocitos los tomates. Regar generosamente los tomates. Picar el ajo muy finito, as\u00ed como el perejil. Dar el toque con el vinagre al gusto y dejar macerar en el frigor\u00edfico. Al momento de servir dar el toque de sal Maldon <\/p>\n<p><IMG class=imgcen id=img_0 src=\"\/cocina\/wp-content\/uploads\/sites\/9\/v220310-casta-.jpg\"><\/p>\n<p> <H4>De Casta 2009<\/H4> Un rosado del 2009 de color m\u00e1s vivo y arom\u00e1tico, elaborado con variedades aut\u00f3ctonas con 65% de garnacha y 35% de cari\u00f1ena. Tras una breve maceraci\u00f3n con los hollejos (24 horas), se vinific\u00f3 en dep\u00f3sitos de acero inoxidable a temperatura controlada. El resultado es un vino muy fresco y arom\u00e1tico. <\/p>\n<!-- AddThis Advanced Settings generic via filter on the_content --><!-- AddThis Share Buttons generic via filter on the_content -->","protected":false},"excerpt":{"rendered":"<p>M\u00e1s que una receta es un consejo nutricional. Hay que tomar m\u00e1s productos naturales y los tomates, ajo y aceite son muy saludables. Ingredientes: 3 tomates de cultivo ecol\u00f3gico Dientes de ajos al gusto Perejil fresco Aceite de oliva virgen extra picual Sal Maldon Vinagre de Pedro Ximenez Elaboraci\u00f3n: Lavar y cortar en trocitos los [&hellip;]<!-- AddThis Advanced Settings generic via filter on get_the_excerpt --><!-- AddThis Share Buttons generic via filter on get_the_excerpt --><\/p>\n","protected":false},"author":5,"featured_media":0,"comment_status":"open","ping_status":"closed","sticky":false,"template":"","format":"standard","meta":[],"categories":[16],"tags":[],"_links":{"self":[{"href":"https:\/\/blogs.ideal.es\/cocina\/wp-json\/wp\/v2\/posts\/489"}],"collection":[{"href":"https:\/\/blogs.ideal.es\/cocina\/wp-json\/wp\/v2\/posts"}],"about":[{"href":"https:\/\/blogs.ideal.es\/cocina\/wp-json\/wp\/v2\/types\/post"}],"author":[{"embeddable":true,"href":"https:\/\/blogs.ideal.es\/cocina\/wp-json\/wp\/v2\/users\/5"}],"replies":[{"embeddable":true,"href":"https:\/\/blogs.ideal.es\/cocina\/wp-json\/wp\/v2\/comments?post=489"}],"version-history":[{"count":0,"href":"https:\/\/blogs.ideal.es\/cocina\/wp-json\/wp\/v2\/posts\/489\/revisions"}],"wp:attachment":[{"href":"https:\/\/blogs.ideal.es\/cocina\/wp-json\/wp\/v2\/media?parent=489"}],"wp:term":[{"taxonomy":"category","embeddable":true,"href":"https:\/\/blogs.ideal.es\/cocina\/wp-json\/wp\/v2\/categories?post=489"},{"taxonomy":"post_tag","embeddable":true,"href":"https:\/\/blogs.ideal.es\/cocina\/wp-json\/wp\/v2\/tags?post=489"}],"curies":[{"name":"wp","href":"https:\/\/api.w.org\/{rel}","templated":true}]}}