{"id":504,"date":"2010-04-16T21:58:00","date_gmt":"2010-04-16T21:58:00","guid":{"rendered":"http:\/\/blogs.ideal.es\/cocina\/?p=504"},"modified":"2010-04-16T21:58:00","modified_gmt":"2010-04-16T21:58:00","slug":"ibericos-zancao","status":"publish","type":"post","link":"https:\/\/blogs.ideal.es\/cocina\/2010\/04\/16\/ibericos-zancao\/","title":{"rendered":"Ib\u00e9ricos El Zancao"},"content":{"rendered":"<p><IMG class=imgcen id=img_0 src=\"\/cocina\/wp-content\/uploads\/sites\/9\/140410.jpg\"><\/p>\n<p> <STRONG>El Zancao <\/STRONG>ha sido siempre una finca ligada a la cr\u00eda de porcino. Hasta hace pocos a\u00f1os, la venta del cerdo ib\u00e9rico puro que se cebaba en la propia finca se destinaba a mataderos de Guijuelo, que despu\u00e9s  lo vend\u00edan con su propia marca. Sin embargo, una partida se secaba en <STRONG>El Zancao <\/STRONG>para consumo entre familiares y amigos.<br \/>\nAlentados por su calidad  decidieron poner a la venta una peque\u00f1a parte del jam\u00f3n que se secaba en la propiedad.<br \/>\nAhora, con la garant\u00eda que ofrece la Junta de Castilla y Le\u00f3n al certificarlos con marchamo de Cerdo Ib\u00e9rico Puro Criado con Bellota, <STRONG>El Zancao <\/STRONG>lanza su tienda on-line, <A href=\"http:\/\/www.elzancao.com\">www.elzancao.com<\/A>, donde encontrar los mejores jamones, lomos, salchichones y chorizos de Espa\u00f1a. Solo producen 500 jamones al a\u00f1o de excelente calidad. <\/p>\n<!-- AddThis Advanced Settings generic via filter on the_content --><!-- AddThis Share Buttons generic via filter on the_content -->","protected":false},"excerpt":{"rendered":"<p>El Zancao ha sido siempre una finca ligada a la cr\u00eda de porcino. Hasta hace pocos a\u00f1os, la venta del cerdo ib\u00e9rico puro que se cebaba en la propia finca se destinaba a mataderos de Guijuelo, que despu\u00e9s lo vend\u00edan con su propia marca. Sin embargo, una partida se secaba en El Zancao para consumo [&hellip;]<!-- AddThis Advanced Settings generic via filter on get_the_excerpt --><!-- AddThis Share Buttons generic via filter on get_the_excerpt --><\/p>\n","protected":false},"author":5,"featured_media":0,"comment_status":"open","ping_status":"closed","sticky":false,"template":"","format":"standard","meta":[],"categories":[16],"tags":[],"_links":{"self":[{"href":"https:\/\/blogs.ideal.es\/cocina\/wp-json\/wp\/v2\/posts\/504"}],"collection":[{"href":"https:\/\/blogs.ideal.es\/cocina\/wp-json\/wp\/v2\/posts"}],"about":[{"href":"https:\/\/blogs.ideal.es\/cocina\/wp-json\/wp\/v2\/types\/post"}],"author":[{"embeddable":true,"href":"https:\/\/blogs.ideal.es\/cocina\/wp-json\/wp\/v2\/users\/5"}],"replies":[{"embeddable":true,"href":"https:\/\/blogs.ideal.es\/cocina\/wp-json\/wp\/v2\/comments?post=504"}],"version-history":[{"count":0,"href":"https:\/\/blogs.ideal.es\/cocina\/wp-json\/wp\/v2\/posts\/504\/revisions"}],"wp:attachment":[{"href":"https:\/\/blogs.ideal.es\/cocina\/wp-json\/wp\/v2\/media?parent=504"}],"wp:term":[{"taxonomy":"category","embeddable":true,"href":"https:\/\/blogs.ideal.es\/cocina\/wp-json\/wp\/v2\/categories?post=504"},{"taxonomy":"post_tag","embeddable":true,"href":"https:\/\/blogs.ideal.es\/cocina\/wp-json\/wp\/v2\/tags?post=504"}],"curies":[{"name":"wp","href":"https:\/\/api.w.org\/{rel}","templated":true}]}}