{"id":505,"date":"2010-04-17T14:12:00","date_gmt":"2010-04-17T14:12:00","guid":{"rendered":"http:\/\/blogs.ideal.es\/cocina\/?p=505"},"modified":"2010-04-17T14:12:00","modified_gmt":"2010-04-17T14:12:00","slug":"como-hecho-casa","status":"publish","type":"post","link":"https:\/\/blogs.ideal.es\/cocina\/2010\/04\/17\/como-hecho-casa\/","title":{"rendered":"Como hecho en casa"},"content":{"rendered":"<p><IMG class=imgcen id=img_0 src=\"\/cocina\/wp-content\/uploads\/sites\/9\/160410.jpg\"><\/p>\n<p>Un curioso libro que viene a complementar la amplia y surtida gama de obras dentro de la literatura gastron\u00f3mica. Contiene una serie de recetas pr\u00e1cticas para ahorrar tiempo en la cocina y comer bien cada d\u00eda.<br \/>\nLa singularidad del libro de Ada Parellada es que utiliza y recomienda todas las posibilidades de la industria alimentaria, utilizando en las recetas una serie de productos de calidad ya preparados, con marca y apellidos, que se venden en las tiendas, y que se integran habitualmente en la elaboraci\u00f3n de platos, hasta en los mejores restaurantes<br \/>\nEdita: Planeta<br \/>\nPaginas: 200<br \/>\nPrecio: 19 euros <\/p>\n<p><IMG class=imgcen id=img_0 src=\"\/cocina\/wp-content\/uploads\/sites\/9\/v160410.jpg\"><\/p>\n<p> <H4>Vi\u00f1a Mayor Reserva 2003<\/H4> La Ribera del Duero es una de las denominaciones de origen con mayor incidencia en el mercado nacional y con bastante predicaci\u00f3n dentro del mundo del vino internacional. Y all\u00ed, entre Valladolid y Pe\u00f1afiel se encuentra la bodega de Vi\u00f1a Mayor, que con este reserva marca estilo. Tinto muy logrado. <\/p>\n<!-- AddThis Advanced Settings generic via filter on the_content --><!-- AddThis Share Buttons generic via filter on the_content -->","protected":false},"excerpt":{"rendered":"<p>Un curioso libro que viene a complementar la amplia y surtida gama de obras dentro de la literatura gastron\u00f3mica. Contiene una serie de recetas pr\u00e1cticas para ahorrar tiempo en la cocina y comer bien cada d\u00eda. La singularidad del libro de Ada Parellada es que utiliza y recomienda todas las posibilidades de la industria alimentaria, [&hellip;]<!-- AddThis Advanced Settings generic via filter on get_the_excerpt --><!-- AddThis Share Buttons generic via filter on get_the_excerpt --><\/p>\n","protected":false},"author":5,"featured_media":0,"comment_status":"open","ping_status":"closed","sticky":false,"template":"","format":"standard","meta":[],"categories":[16],"tags":[],"_links":{"self":[{"href":"https:\/\/blogs.ideal.es\/cocina\/wp-json\/wp\/v2\/posts\/505"}],"collection":[{"href":"https:\/\/blogs.ideal.es\/cocina\/wp-json\/wp\/v2\/posts"}],"about":[{"href":"https:\/\/blogs.ideal.es\/cocina\/wp-json\/wp\/v2\/types\/post"}],"author":[{"embeddable":true,"href":"https:\/\/blogs.ideal.es\/cocina\/wp-json\/wp\/v2\/users\/5"}],"replies":[{"embeddable":true,"href":"https:\/\/blogs.ideal.es\/cocina\/wp-json\/wp\/v2\/comments?post=505"}],"version-history":[{"count":0,"href":"https:\/\/blogs.ideal.es\/cocina\/wp-json\/wp\/v2\/posts\/505\/revisions"}],"wp:attachment":[{"href":"https:\/\/blogs.ideal.es\/cocina\/wp-json\/wp\/v2\/media?parent=505"}],"wp:term":[{"taxonomy":"category","embeddable":true,"href":"https:\/\/blogs.ideal.es\/cocina\/wp-json\/wp\/v2\/categories?post=505"},{"taxonomy":"post_tag","embeddable":true,"href":"https:\/\/blogs.ideal.es\/cocina\/wp-json\/wp\/v2\/tags?post=505"}],"curies":[{"name":"wp","href":"https:\/\/api.w.org\/{rel}","templated":true}]}}