{"id":569,"date":"2010-07-01T20:55:00","date_gmt":"2010-07-01T20:55:00","guid":{"rendered":"http:\/\/blogs.ideal.es\/cocina\/?p=569"},"modified":"2010-07-01T20:55:00","modified_gmt":"2010-07-01T20:55:00","slug":"lasana-carne","status":"publish","type":"post","link":"https:\/\/blogs.ideal.es\/cocina\/2010\/07\/01\/lasana-carne\/","title":{"rendered":"Lasa\u00f1a de carne"},"content":{"rendered":"<p><IMG class=imgcen id=img_0 src=\"\/cocina\/wp-content\/uploads\/sites\/9\/260610.jpg\"><\/p>\n<p>Ingredientes:<br \/>\n1 paquete de pasta de lasa\u00f1a<br \/>\n1 bote tomate frito Mata<br \/>\n200 g carne picada<br \/>\n1\/2 l. de leche<br \/>\n35 g de mantequilla<br \/>\n1 cucharada de harina<br \/>\n1\/2 cebolla<br \/>\nSal, pimienta y nuez moscada<br \/>\nQueso rallado<br \/>\nElaboraci\u00f3n:<br \/>\nPrepara la lasa\u00f1a como indica el paquete. Fre\u00edr la cebolla picada, a\u00f1adir la carne y rehogar. Echar el tomate, salpimentar y cocer un poco. Formar la lasa\u00f1a con la carne y hacer la bechamel con la mantequilla y la leche. Salpimentar y nuez moscada. Cubrir la lasa\u00f1a y poner al horno con el queso rallado para gratinar.<\/p>\n<p><IMG class=imgcen id=img_0 src=\"\/cocina\/wp-content\/uploads\/sites\/9\/v260610.jpg\"><\/p>\n<p> <H4>Cerrado del Castillo de Cuzcurrita<\/H4> Solo hay en el mercado 6.500 botellas. Y solo se elabora en a\u00f1os excepcionales. Por eso la bodega Castillo de Cuzcurrita escoge las mejores uvas de vi\u00f1edos viejos, con m\u00e1s de 40 a\u00f1os de uvas tempranillo para hacer este tinto. De intenso color rojo tiene una perfecta nariz. En boca hay buen equilibrio <\/p>\n<!-- AddThis Advanced Settings generic via filter on the_content --><!-- AddThis Share Buttons generic via filter on the_content -->","protected":false},"excerpt":{"rendered":"<p>Ingredientes: 1 paquete de pasta de lasa\u00f1a 1 bote tomate frito Mata 200 g carne picada 1\/2 l. de leche 35 g de mantequilla 1 cucharada de harina 1\/2 cebolla Sal, pimienta y nuez moscada Queso rallado Elaboraci\u00f3n: Prepara la lasa\u00f1a como indica el paquete. Fre\u00edr la cebolla picada, a\u00f1adir la carne y rehogar. Echar [&hellip;]<!-- AddThis Advanced Settings generic via filter on get_the_excerpt --><!-- AddThis Share Buttons generic via filter on get_the_excerpt --><\/p>\n","protected":false},"author":5,"featured_media":0,"comment_status":"open","ping_status":"closed","sticky":false,"template":"","format":"standard","meta":[],"categories":[16],"tags":[],"_links":{"self":[{"href":"https:\/\/blogs.ideal.es\/cocina\/wp-json\/wp\/v2\/posts\/569"}],"collection":[{"href":"https:\/\/blogs.ideal.es\/cocina\/wp-json\/wp\/v2\/posts"}],"about":[{"href":"https:\/\/blogs.ideal.es\/cocina\/wp-json\/wp\/v2\/types\/post"}],"author":[{"embeddable":true,"href":"https:\/\/blogs.ideal.es\/cocina\/wp-json\/wp\/v2\/users\/5"}],"replies":[{"embeddable":true,"href":"https:\/\/blogs.ideal.es\/cocina\/wp-json\/wp\/v2\/comments?post=569"}],"version-history":[{"count":0,"href":"https:\/\/blogs.ideal.es\/cocina\/wp-json\/wp\/v2\/posts\/569\/revisions"}],"wp:attachment":[{"href":"https:\/\/blogs.ideal.es\/cocina\/wp-json\/wp\/v2\/media?parent=569"}],"wp:term":[{"taxonomy":"category","embeddable":true,"href":"https:\/\/blogs.ideal.es\/cocina\/wp-json\/wp\/v2\/categories?post=569"},{"taxonomy":"post_tag","embeddable":true,"href":"https:\/\/blogs.ideal.es\/cocina\/wp-json\/wp\/v2\/tags?post=569"}],"curies":[{"name":"wp","href":"https:\/\/api.w.org\/{rel}","templated":true}]}}