{"id":579,"date":"2012-08-18T10:06:06","date_gmt":"2012-08-18T09:06:06","guid":{"rendered":"http:\/\/blogs.ideal.es\/cocina\/?p=579"},"modified":"2012-08-18T10:06:06","modified_gmt":"2012-08-18T09:06:06","slug":"579","status":"publish","type":"post","link":"https:\/\/blogs.ideal.es\/cocina\/2012\/08\/18\/579\/","title":{"rendered":"Jos\u00e9 Carlos Garc\u00eda en Muelle Uno de M\u00e1laga"},"content":{"rendered":"<p>M\u00e1laga cuenta con un nuevo espacio l\u00fadico con los mejores restaurantes y bares   <\/p>\n<p>La capital malacitana cuenta desde hace unos meses con un nuevo escenario abierto al mar. La capital malague\u00f1a viv\u00eda, como Barcelona, un poco de espaldas al mar. No utilizaban su colindante puerto. Y ahora gracias a esta nueva y soberbia obra se a podido abrir a todos un amplio paseo mar\u00edtimo, muelle para yates y una serie de tiendas, restaurantes y bares. Y es en este elegante escenario donde Jos\u00e9 Carlos Garc\u00eda, propietario tambi\u00e9n del Caf\u00e9 de Par\u00eds, ha trasladado su cocina innovadora. Dejando el restaurante primigenio de la Maestranza dedicado a la cocina tradicional donde ofrece un rico men\u00fa diario a 14 euros.<br \/>\nLas flamantes instalaciones de Jos\u00e9 Carlos son impresionantes en espacios, decoraci\u00f3n, comedores y terraza con una zona chill out de aperitivos o sobremesas. Bonitos jardines verticales junto a la antigua capilla de los marineros, luminosos salones y un comedor al aire libre con mesas amplias y men\u00fas trepidantes.<br \/>\nHay dos men\u00fas degustaci\u00f3n y tambi\u00e9n se puede hacer una comida con platos a la carta. Pero les recomiendo que prueben en su primera visita su degustaci\u00f3n. Hay dos precios: a 54 u 86,40 euros, con diferente n\u00famero de platos. Vinos aparte. Destacar sus conchas finas margarita, un conseguido foie micuit y otro helado con yogurt y pi\u00f1a. Una caballa fresca con pepino y mostaza o la soberbia gamba roja con Daikon. Si hay salmonetes, Garc\u00eda escoje los mejores y los hace con \u00f1oquis de curry y coliflor. Una exquisitez, que se puede rematar con una peculiar ternera -perejil &#8211; cebolla, que le sorprender\u00e1 al conocer su origen. La reposter\u00eda de la casa es delicada y hace un gran final en los postres junto a la tarta de zanahoria, almendras y naranja. Cuidado servicio de vinos a cargo de Juanma y visita imprescindible en su pr\u00f3xima visita a M\u00e1laga.<\/p>\n<!-- AddThis Advanced Settings generic via filter on the_content --><!-- AddThis Share Buttons generic via filter on the_content -->","protected":false},"excerpt":{"rendered":"<p>M\u00e1laga cuenta con un nuevo espacio l\u00fadico con los mejores restaurantes y bares La capital malacitana cuenta desde hace unos meses con un nuevo escenario abierto al mar. La capital malague\u00f1a viv\u00eda, como Barcelona, un poco de espaldas al mar. No utilizaban su colindante puerto. Y ahora gracias a esta nueva y soberbia obra se [&hellip;]<!-- AddThis Advanced Settings generic via filter on get_the_excerpt --><!-- AddThis Share Buttons generic via filter on get_the_excerpt --><\/p>\n","protected":false},"author":5,"featured_media":593,"comment_status":"open","ping_status":"closed","sticky":false,"template":"","format":"standard","meta":[],"categories":[8],"tags":[],"_links":{"self":[{"href":"https:\/\/blogs.ideal.es\/cocina\/wp-json\/wp\/v2\/posts\/579"}],"collection":[{"href":"https:\/\/blogs.ideal.es\/cocina\/wp-json\/wp\/v2\/posts"}],"about":[{"href":"https:\/\/blogs.ideal.es\/cocina\/wp-json\/wp\/v2\/types\/post"}],"author":[{"embeddable":true,"href":"https:\/\/blogs.ideal.es\/cocina\/wp-json\/wp\/v2\/users\/5"}],"replies":[{"embeddable":true,"href":"https:\/\/blogs.ideal.es\/cocina\/wp-json\/wp\/v2\/comments?post=579"}],"version-history":[{"count":0,"href":"https:\/\/blogs.ideal.es\/cocina\/wp-json\/wp\/v2\/posts\/579\/revisions"}],"wp:featuredmedia":[{"embeddable":true,"href":"https:\/\/blogs.ideal.es\/cocina\/wp-json\/wp\/v2\/media\/593"}],"wp:attachment":[{"href":"https:\/\/blogs.ideal.es\/cocina\/wp-json\/wp\/v2\/media?parent=579"}],"wp:term":[{"taxonomy":"category","embeddable":true,"href":"https:\/\/blogs.ideal.es\/cocina\/wp-json\/wp\/v2\/categories?post=579"},{"taxonomy":"post_tag","embeddable":true,"href":"https:\/\/blogs.ideal.es\/cocina\/wp-json\/wp\/v2\/tags?post=579"}],"curies":[{"name":"wp","href":"https:\/\/api.w.org\/{rel}","templated":true}]}}