{"id":596,"date":"2012-08-18T10:15:15","date_gmt":"2012-08-18T09:15:15","guid":{"rendered":"http:\/\/blogs.ideal.es\/cocina\/?p=596"},"modified":"2012-08-18T10:15:15","modified_gmt":"2012-08-18T09:15:15","slug":"san-cayetano-en-el-club-de-golf-de-las-gabias","status":"publish","type":"post","link":"https:\/\/blogs.ideal.es\/cocina\/2012\/08\/18\/san-cayetano-en-el-club-de-golf-de-las-gabias\/","title":{"rendered":"San Cayetano en el Club de Golf de Las Gabias"},"content":{"rendered":"<p>Benjam\u00edn Rodr\u00edguez, propietario del excelente mes\u00f3n San Cayetano de Churriana, a instancias de los socios del Club de Golf Las Gabias, se ha hecho cargo de sus fogones, por supuesto sin dejar la casa madre. Y con el buen oficio que le caracteriza le ha dado un giro total a la propuesta gastron\u00f3mica del club. Al que se puede acceder libremente para utilizar su bar y restaurante. Buenas tapas con las cervezas y vinos. Con una carta donde las raciones y sus platos estrellas est\u00e1n presentes. Su terraza y comedor cuenta con una de las mejores vistas de Granada y su \u00e1rea metropolitana.<\/p>\n<!-- AddThis Advanced Settings generic via filter on the_content --><!-- AddThis Share Buttons generic via filter on the_content -->","protected":false},"excerpt":{"rendered":"<p>Benjam\u00edn Rodr\u00edguez, propietario del excelente mes\u00f3n San Cayetano de Churriana, a instancias de los socios del Club de Golf Las Gabias, se ha hecho cargo de sus fogones, por supuesto sin dejar la casa madre. Y con el buen oficio que le caracteriza le ha dado un giro total a la propuesta gastron\u00f3mica del club. [&hellip;]<!-- AddThis Advanced Settings generic via filter on get_the_excerpt --><!-- AddThis Share Buttons generic via filter on get_the_excerpt --><\/p>\n","protected":false},"author":5,"featured_media":599,"comment_status":"open","ping_status":"closed","sticky":false,"template":"","format":"standard","meta":[],"categories":[8],"tags":[],"_links":{"self":[{"href":"https:\/\/blogs.ideal.es\/cocina\/wp-json\/wp\/v2\/posts\/596"}],"collection":[{"href":"https:\/\/blogs.ideal.es\/cocina\/wp-json\/wp\/v2\/posts"}],"about":[{"href":"https:\/\/blogs.ideal.es\/cocina\/wp-json\/wp\/v2\/types\/post"}],"author":[{"embeddable":true,"href":"https:\/\/blogs.ideal.es\/cocina\/wp-json\/wp\/v2\/users\/5"}],"replies":[{"embeddable":true,"href":"https:\/\/blogs.ideal.es\/cocina\/wp-json\/wp\/v2\/comments?post=596"}],"version-history":[{"count":0,"href":"https:\/\/blogs.ideal.es\/cocina\/wp-json\/wp\/v2\/posts\/596\/revisions"}],"wp:featuredmedia":[{"embeddable":true,"href":"https:\/\/blogs.ideal.es\/cocina\/wp-json\/wp\/v2\/media\/599"}],"wp:attachment":[{"href":"https:\/\/blogs.ideal.es\/cocina\/wp-json\/wp\/v2\/media?parent=596"}],"wp:term":[{"taxonomy":"category","embeddable":true,"href":"https:\/\/blogs.ideal.es\/cocina\/wp-json\/wp\/v2\/categories?post=596"},{"taxonomy":"post_tag","embeddable":true,"href":"https:\/\/blogs.ideal.es\/cocina\/wp-json\/wp\/v2\/tags?post=596"}],"curies":[{"name":"wp","href":"https:\/\/api.w.org\/{rel}","templated":true}]}}