{"id":611,"date":"2012-09-06T12:12:37","date_gmt":"2012-09-06T11:12:37","guid":{"rendered":"http:\/\/blogs.ideal.es\/cocina\/?p=611"},"modified":"2012-09-06T12:12:37","modified_gmt":"2012-09-06T11:12:37","slug":"611","status":"publish","type":"post","link":"https:\/\/blogs.ideal.es\/cocina\/2012\/09\/06\/611\/","title":{"rendered":""},"content":{"rendered":"<p><a href=\"\/cocina\/wp-content\/uploads\/sites\/9\/2012\/09\/Foto-peque\u00f1a-010912.jpg\"><img loading=\"lazy\" class=\"aligncenter size-medium wp-image-612\" title=\"Foto peque\u00f1a 010912\" src=\"\/cocina\/wp-content\/uploads\/sites\/9\/2012\/09\/Foto-peque\u00f1a-010912-300x225.jpg\" alt=\"\" width=\"300\" height=\"225\" srcset=\"https:\/\/static-blogs.ideal.es\/wp-content\/uploads\/sites\/9\/2012\/09\/Foto-peque\u00f1a-010912-300x225.jpg 300w, https:\/\/static-blogs.ideal.es\/wp-content\/uploads\/sites\/9\/2012\/09\/Foto-peque\u00f1a-010912-768x576.jpg 768w, https:\/\/static-blogs.ideal.es\/wp-content\/uploads\/sites\/9\/2012\/09\/Foto-peque\u00f1a-010912.jpg 1000w\" sizes=\"(max-width: 300px) 100vw, 300px\" \/><\/a><\/p>\n<p>La familia Garc\u00eda Arias regenta su restaurante con agrado y profesionalidad. El equipo compuesto por Mar\u00eda Arias, la madre y su hija Pilar en la cocina, se complementa con los hermanos Pepe y \u00c1ngel en los comedores. El padre, Jos\u00e9 tiene una granja donde cr\u00edan su propio ganado vacuno y ovino, que utilizan tanto en su puesto de carnicer\u00eda &#8220;El Palometas&#8221; en el mercado de San Agust\u00edn, como en su acogedor restaurante. Su carta es muy interesante para tomar en su terraza y barra a modo de raciones, o para comer en su sal\u00f3n, con dos comedores privados, que sus clientas disfrutan.<\/p>\n<!-- AddThis Advanced Settings generic via filter on the_content --><!-- AddThis Share Buttons generic via filter on the_content -->","protected":false},"excerpt":{"rendered":"<p>La familia Garc\u00eda Arias regenta su restaurante con agrado y profesionalidad. El equipo compuesto por Mar\u00eda Arias, la madre y su hija Pilar en la cocina, se complementa con los hermanos Pepe y \u00c1ngel en los comedores. El padre, Jos\u00e9 tiene una granja donde cr\u00edan su propio ganado vacuno y ovino, que utilizan tanto en [&hellip;]<!-- AddThis Advanced Settings generic via filter on get_the_excerpt --><!-- AddThis Share Buttons generic via filter on get_the_excerpt --><\/p>\n","protected":false},"author":5,"featured_media":0,"comment_status":"open","ping_status":"closed","sticky":false,"template":"","format":"standard","meta":[],"categories":[3],"tags":[],"_links":{"self":[{"href":"https:\/\/blogs.ideal.es\/cocina\/wp-json\/wp\/v2\/posts\/611"}],"collection":[{"href":"https:\/\/blogs.ideal.es\/cocina\/wp-json\/wp\/v2\/posts"}],"about":[{"href":"https:\/\/blogs.ideal.es\/cocina\/wp-json\/wp\/v2\/types\/post"}],"author":[{"embeddable":true,"href":"https:\/\/blogs.ideal.es\/cocina\/wp-json\/wp\/v2\/users\/5"}],"replies":[{"embeddable":true,"href":"https:\/\/blogs.ideal.es\/cocina\/wp-json\/wp\/v2\/comments?post=611"}],"version-history":[{"count":0,"href":"https:\/\/blogs.ideal.es\/cocina\/wp-json\/wp\/v2\/posts\/611\/revisions"}],"wp:attachment":[{"href":"https:\/\/blogs.ideal.es\/cocina\/wp-json\/wp\/v2\/media?parent=611"}],"wp:term":[{"taxonomy":"category","embeddable":true,"href":"https:\/\/blogs.ideal.es\/cocina\/wp-json\/wp\/v2\/categories?post=611"},{"taxonomy":"post_tag","embeddable":true,"href":"https:\/\/blogs.ideal.es\/cocina\/wp-json\/wp\/v2\/tags?post=611"}],"curies":[{"name":"wp","href":"https:\/\/api.w.org\/{rel}","templated":true}]}}