{"id":628,"date":"2012-09-13T19:04:41","date_gmt":"2012-09-13T18:04:41","guid":{"rendered":"http:\/\/blogs.ideal.es\/cocina\/?p=628"},"modified":"2012-09-13T19:04:41","modified_gmt":"2012-09-13T18:04:41","slug":"fino-inocente","status":"publish","type":"post","link":"https:\/\/blogs.ideal.es\/cocina\/2012\/09\/13\/fino-inocente\/","title":{"rendered":"Fino Inocente"},"content":{"rendered":"<p><a href=\"\/cocina\/wp-content\/uploads\/sites\/9\/2012\/09\/V080912.jpg\"><img loading=\"lazy\" class=\"aligncenter size-medium wp-image-629\" title=\"V080912\" src=\"\/cocina\/wp-content\/uploads\/sites\/9\/2012\/09\/V080912-93x300.jpg\" alt=\"\" width=\"93\" height=\"300\" srcset=\"https:\/\/static-blogs.ideal.es\/wp-content\/uploads\/sites\/9\/2012\/09\/V080912-93x300.jpg 93w, https:\/\/static-blogs.ideal.es\/wp-content\/uploads\/sites\/9\/2012\/09\/V080912.jpg 180w\" sizes=\"(max-width: 93px) 100vw, 93px\" \/><\/a><\/p>\n<p>La bodega del Grupo Estevez tiene en su &#8220;escuder\u00eda&#8221; un fino diferente por su tiempo de crianza. Inocente de Bodegas Valdespino es un vino de color pajizo p\u00e1lido, muy delicado y punzante a la nariz con claras notas de su crianza biol\u00f3gica. Al paladar es ligero de entrada, abri\u00e9ndonos con amplitud y frescura<\/p>\n<!-- AddThis Advanced Settings generic via filter on the_content --><!-- AddThis Share Buttons generic via filter on the_content -->","protected":false},"excerpt":{"rendered":"<p>La bodega del Grupo Estevez tiene en su &#8220;escuder\u00eda&#8221; un fino diferente por su tiempo de crianza. Inocente de Bodegas Valdespino es un vino de color pajizo p\u00e1lido, muy delicado y punzante a la nariz con claras notas de su crianza biol\u00f3gica. Al paladar es ligero de entrada, abri\u00e9ndonos con amplitud y frescura<!-- AddThis Advanced Settings generic via filter on get_the_excerpt --><!-- AddThis Share Buttons generic via filter on get_the_excerpt --><\/p>\n","protected":false},"author":5,"featured_media":0,"comment_status":"open","ping_status":"closed","sticky":false,"template":"","format":"standard","meta":[],"categories":[8],"tags":[],"_links":{"self":[{"href":"https:\/\/blogs.ideal.es\/cocina\/wp-json\/wp\/v2\/posts\/628"}],"collection":[{"href":"https:\/\/blogs.ideal.es\/cocina\/wp-json\/wp\/v2\/posts"}],"about":[{"href":"https:\/\/blogs.ideal.es\/cocina\/wp-json\/wp\/v2\/types\/post"}],"author":[{"embeddable":true,"href":"https:\/\/blogs.ideal.es\/cocina\/wp-json\/wp\/v2\/users\/5"}],"replies":[{"embeddable":true,"href":"https:\/\/blogs.ideal.es\/cocina\/wp-json\/wp\/v2\/comments?post=628"}],"version-history":[{"count":0,"href":"https:\/\/blogs.ideal.es\/cocina\/wp-json\/wp\/v2\/posts\/628\/revisions"}],"wp:attachment":[{"href":"https:\/\/blogs.ideal.es\/cocina\/wp-json\/wp\/v2\/media?parent=628"}],"wp:term":[{"taxonomy":"category","embeddable":true,"href":"https:\/\/blogs.ideal.es\/cocina\/wp-json\/wp\/v2\/categories?post=628"},{"taxonomy":"post_tag","embeddable":true,"href":"https:\/\/blogs.ideal.es\/cocina\/wp-json\/wp\/v2\/tags?post=628"}],"curies":[{"name":"wp","href":"https:\/\/api.w.org\/{rel}","templated":true}]}}