{"id":636,"date":"2012-09-19T14:02:33","date_gmt":"2012-09-19T13:02:33","guid":{"rendered":"http:\/\/blogs.ideal.es\/cocina\/?p=636"},"modified":"2012-09-19T14:02:33","modified_gmt":"2012-09-19T13:02:33","slug":"ron-abuelo-anejo-12-anos","status":"publish","type":"post","link":"https:\/\/blogs.ideal.es\/cocina\/2012\/09\/19\/ron-abuelo-anejo-12-anos\/","title":{"rendered":"Ron Abuelo A\u00f1ejo 12 a\u00f1os"},"content":{"rendered":"<p><a href=\"\/cocina\/wp-content\/uploads\/sites\/9\/2012\/09\/V130912.jpg\"><img loading=\"lazy\" class=\"aligncenter size-medium wp-image-637\" title=\"V130912\" src=\"\/cocina\/wp-content\/uploads\/sites\/9\/2012\/09\/V130912-97x300.jpg\" alt=\"\" width=\"97\" height=\"300\" srcset=\"https:\/\/static-blogs.ideal.es\/wp-content\/uploads\/sites\/9\/2012\/09\/V130912-97x300.jpg 97w, https:\/\/static-blogs.ideal.es\/wp-content\/uploads\/sites\/9\/2012\/09\/V130912.jpg 194w\" sizes=\"(max-width: 97px) 100vw, 97px\" \/><\/a><\/p>\n<p>Ron Abuelo A\u00f1ejo 12 a\u00f1os refleja la pasi\u00f3n por producir el mejor ron a\u00f1ejo. Destilados sublimes, selecci\u00f3n de los mejores barriles de roble blanco, y el pasar del tiempo bajo el calor tropical han resultado en este extraordinario producto. Su car\u00e1cter, suavidad y complejidad dan satisfacci\u00f3n a los paladares roneros<\/p>\n<!-- AddThis Advanced Settings generic via filter on the_content --><!-- AddThis Share Buttons generic via filter on the_content -->","protected":false},"excerpt":{"rendered":"<p>Ron Abuelo A\u00f1ejo 12 a\u00f1os refleja la pasi\u00f3n por producir el mejor ron a\u00f1ejo. Destilados sublimes, selecci\u00f3n de los mejores barriles de roble blanco, y el pasar del tiempo bajo el calor tropical han resultado en este extraordinario producto. Su car\u00e1cter, suavidad y complejidad dan satisfacci\u00f3n a los paladares roneros<!-- AddThis Advanced Settings generic via filter on get_the_excerpt --><!-- AddThis Share Buttons generic via filter on get_the_excerpt --><\/p>\n","protected":false},"author":5,"featured_media":0,"comment_status":"open","ping_status":"closed","sticky":false,"template":"","format":"standard","meta":[],"categories":[8],"tags":[],"_links":{"self":[{"href":"https:\/\/blogs.ideal.es\/cocina\/wp-json\/wp\/v2\/posts\/636"}],"collection":[{"href":"https:\/\/blogs.ideal.es\/cocina\/wp-json\/wp\/v2\/posts"}],"about":[{"href":"https:\/\/blogs.ideal.es\/cocina\/wp-json\/wp\/v2\/types\/post"}],"author":[{"embeddable":true,"href":"https:\/\/blogs.ideal.es\/cocina\/wp-json\/wp\/v2\/users\/5"}],"replies":[{"embeddable":true,"href":"https:\/\/blogs.ideal.es\/cocina\/wp-json\/wp\/v2\/comments?post=636"}],"version-history":[{"count":0,"href":"https:\/\/blogs.ideal.es\/cocina\/wp-json\/wp\/v2\/posts\/636\/revisions"}],"wp:attachment":[{"href":"https:\/\/blogs.ideal.es\/cocina\/wp-json\/wp\/v2\/media?parent=636"}],"wp:term":[{"taxonomy":"category","embeddable":true,"href":"https:\/\/blogs.ideal.es\/cocina\/wp-json\/wp\/v2\/categories?post=636"},{"taxonomy":"post_tag","embeddable":true,"href":"https:\/\/blogs.ideal.es\/cocina\/wp-json\/wp\/v2\/tags?post=636"}],"curies":[{"name":"wp","href":"https:\/\/api.w.org\/{rel}","templated":true}]}}