{"id":647,"date":"2012-09-21T19:58:19","date_gmt":"2012-09-21T18:58:19","guid":{"rendered":"http:\/\/blogs.ideal.es\/cocina\/?p=647"},"modified":"2012-09-21T19:58:19","modified_gmt":"2012-09-21T18:58:19","slug":"orujo-de-cafe-martin-codax","status":"publish","type":"post","link":"https:\/\/blogs.ideal.es\/cocina\/2012\/09\/21\/orujo-de-cafe-martin-codax\/","title":{"rendered":"Orujo de caf\u00e9 Mart\u00edn Codax"},"content":{"rendered":"<p><a href=\"\/cocina\/wp-content\/uploads\/sites\/9\/2012\/09\/V190912.jpg\"><img loading=\"lazy\" class=\"aligncenter size-medium wp-image-648\" title=\"V190912\" src=\"\/cocina\/wp-content\/uploads\/sites\/9\/2012\/09\/V190912-133x300.jpg\" alt=\"\" width=\"133\" height=\"300\" \/><\/a><\/p>\n<p>Siempre es tiempo de disfrutar una copita o chupito de orujo y este de Mart\u00edn Codax es especial. Tiene un atractivo color marr\u00f3n chocolate, de tonalidad oscura pero brillante. Nariz de gran intensidad arom\u00e1tica, persistencia de aromas de caf\u00e9 reci\u00e9n tostado. En boca es agradable en boca, suave y goloso<\/p>\n<!-- AddThis Advanced Settings generic via filter on the_content --><!-- AddThis Share Buttons generic via filter on the_content -->","protected":false},"excerpt":{"rendered":"<p>Siempre es tiempo de disfrutar una copita o chupito de orujo y este de Mart\u00edn Codax es especial. Tiene un atractivo color marr\u00f3n chocolate, de tonalidad oscura pero brillante. Nariz de gran intensidad arom\u00e1tica, persistencia de aromas de caf\u00e9 reci\u00e9n tostado. En boca es agradable en boca, suave y goloso<!-- AddThis Advanced Settings generic via filter on get_the_excerpt --><!-- AddThis Share Buttons generic via filter on get_the_excerpt --><\/p>\n","protected":false},"author":5,"featured_media":0,"comment_status":"open","ping_status":"closed","sticky":false,"template":"","format":"standard","meta":[],"categories":[8],"tags":[],"_links":{"self":[{"href":"https:\/\/blogs.ideal.es\/cocina\/wp-json\/wp\/v2\/posts\/647"}],"collection":[{"href":"https:\/\/blogs.ideal.es\/cocina\/wp-json\/wp\/v2\/posts"}],"about":[{"href":"https:\/\/blogs.ideal.es\/cocina\/wp-json\/wp\/v2\/types\/post"}],"author":[{"embeddable":true,"href":"https:\/\/blogs.ideal.es\/cocina\/wp-json\/wp\/v2\/users\/5"}],"replies":[{"embeddable":true,"href":"https:\/\/blogs.ideal.es\/cocina\/wp-json\/wp\/v2\/comments?post=647"}],"version-history":[{"count":0,"href":"https:\/\/blogs.ideal.es\/cocina\/wp-json\/wp\/v2\/posts\/647\/revisions"}],"wp:attachment":[{"href":"https:\/\/blogs.ideal.es\/cocina\/wp-json\/wp\/v2\/media?parent=647"}],"wp:term":[{"taxonomy":"category","embeddable":true,"href":"https:\/\/blogs.ideal.es\/cocina\/wp-json\/wp\/v2\/categories?post=647"},{"taxonomy":"post_tag","embeddable":true,"href":"https:\/\/blogs.ideal.es\/cocina\/wp-json\/wp\/v2\/tags?post=647"}],"curies":[{"name":"wp","href":"https:\/\/api.w.org\/{rel}","templated":true}]}}