{"id":656,"date":"2012-09-26T20:20:11","date_gmt":"2012-09-26T19:20:11","guid":{"rendered":"http:\/\/blogs.ideal.es\/cocina\/?p=656"},"modified":"2012-09-26T20:20:11","modified_gmt":"2012-09-26T19:20:11","slug":"vina-ardanza-magnun-reserva-2001","status":"publish","type":"post","link":"https:\/\/blogs.ideal.es\/cocina\/2012\/09\/26\/vina-ardanza-magnun-reserva-2001\/","title":{"rendered":"Vi\u00f1a Ardanza m\u00e1gnun Reserva 2001"},"content":{"rendered":"<p><a href=\"\/cocina\/wp-content\/uploads\/sites\/9\/2012\/09\/V220912.png\"><img loading=\"lazy\" class=\"aligncenter size-medium wp-image-657\" title=\"V220912\" src=\"\/cocina\/wp-content\/uploads\/sites\/9\/2012\/09\/V220912-78x300.png\" alt=\"\" width=\"78\" height=\"300\" \/><\/a><\/p>\n<p>Acabo de tomar un par de copas del primer Vi\u00f1a Ardanza Reserva Especial del Siglo XXI. Un vino elogiado por medios de comunicaci\u00f3n, sumilleres y consumidores de todo el mundo. Una a\u00f1ada perfecta que acrecent\u00f3 este sue\u00f1o de Tempranillo y Garnacha. Presente y futuro de la mano de un gran Rioja<\/p>\n<!-- AddThis Advanced Settings generic via filter on the_content --><!-- AddThis Share Buttons generic via filter on the_content -->","protected":false},"excerpt":{"rendered":"<p>Acabo de tomar un par de copas del primer Vi\u00f1a Ardanza Reserva Especial del Siglo XXI. Un vino elogiado por medios de comunicaci\u00f3n, sumilleres y consumidores de todo el mundo. Una a\u00f1ada perfecta que acrecent\u00f3 este sue\u00f1o de Tempranillo y Garnacha. Presente y futuro de la mano de un gran Rioja<!-- AddThis Advanced Settings generic via filter on get_the_excerpt --><!-- AddThis Share Buttons generic via filter on get_the_excerpt --><\/p>\n","protected":false},"author":5,"featured_media":0,"comment_status":"open","ping_status":"closed","sticky":false,"template":"","format":"standard","meta":[],"categories":[8],"tags":[],"_links":{"self":[{"href":"https:\/\/blogs.ideal.es\/cocina\/wp-json\/wp\/v2\/posts\/656"}],"collection":[{"href":"https:\/\/blogs.ideal.es\/cocina\/wp-json\/wp\/v2\/posts"}],"about":[{"href":"https:\/\/blogs.ideal.es\/cocina\/wp-json\/wp\/v2\/types\/post"}],"author":[{"embeddable":true,"href":"https:\/\/blogs.ideal.es\/cocina\/wp-json\/wp\/v2\/users\/5"}],"replies":[{"embeddable":true,"href":"https:\/\/blogs.ideal.es\/cocina\/wp-json\/wp\/v2\/comments?post=656"}],"version-history":[{"count":0,"href":"https:\/\/blogs.ideal.es\/cocina\/wp-json\/wp\/v2\/posts\/656\/revisions"}],"wp:attachment":[{"href":"https:\/\/blogs.ideal.es\/cocina\/wp-json\/wp\/v2\/media?parent=656"}],"wp:term":[{"taxonomy":"category","embeddable":true,"href":"https:\/\/blogs.ideal.es\/cocina\/wp-json\/wp\/v2\/categories?post=656"},{"taxonomy":"post_tag","embeddable":true,"href":"https:\/\/blogs.ideal.es\/cocina\/wp-json\/wp\/v2\/tags?post=656"}],"curies":[{"name":"wp","href":"https:\/\/api.w.org\/{rel}","templated":true}]}}