{"id":658,"date":"2012-09-27T19:05:06","date_gmt":"2012-09-27T18:05:06","guid":{"rendered":"http:\/\/blogs.ideal.es\/cocina\/?p=658"},"modified":"2012-09-27T19:05:06","modified_gmt":"2012-09-27T18:05:06","slug":"vina-mayor-magnun-reserva-2007","status":"publish","type":"post","link":"https:\/\/blogs.ideal.es\/cocina\/2012\/09\/27\/vina-mayor-magnun-reserva-2007\/","title":{"rendered":"Vi\u00f1a Mayor m\u00e1gnun reserva 2007"},"content":{"rendered":"<p><a href=\"\/cocina\/wp-content\/uploads\/sites\/9\/2012\/09\/V210912.jpg\"><img loading=\"lazy\" class=\"aligncenter size-medium wp-image-659\" title=\"V210912\" src=\"\/cocina\/wp-content\/uploads\/sites\/9\/2012\/09\/V210912-94x300.jpg\" alt=\"\" width=\"94\" height=\"300\" \/><\/a><\/p>\n<p>Beber un m\u00e1gnum de este tinto reserva de la Ribera de Duero, es disfrutar de una gran momento. Su aroma es \u00a0intenso y limpio de frutas negras con marcados tonos torrefactos y bals\u00e1micos aportados por la madera nueva de roble franc\u00e9s. En boca es c\u00e1lido y glic\u00e9rico con presencia de taninos dulces y maduros.<\/p>\n<!-- AddThis Advanced Settings generic via filter on the_content --><!-- AddThis Share Buttons generic via filter on the_content -->","protected":false},"excerpt":{"rendered":"<p>Beber un m\u00e1gnum de este tinto reserva de la Ribera de Duero, es disfrutar de una gran momento. Su aroma es \u00a0intenso y limpio de frutas negras con marcados tonos torrefactos y bals\u00e1micos aportados por la madera nueva de roble franc\u00e9s. En boca es c\u00e1lido y glic\u00e9rico con presencia de taninos dulces y maduros.<!-- AddThis Advanced Settings generic via filter on get_the_excerpt --><!-- AddThis Share Buttons generic via filter on get_the_excerpt --><\/p>\n","protected":false},"author":5,"featured_media":0,"comment_status":"open","ping_status":"closed","sticky":false,"template":"","format":"standard","meta":[],"categories":[8],"tags":[],"_links":{"self":[{"href":"https:\/\/blogs.ideal.es\/cocina\/wp-json\/wp\/v2\/posts\/658"}],"collection":[{"href":"https:\/\/blogs.ideal.es\/cocina\/wp-json\/wp\/v2\/posts"}],"about":[{"href":"https:\/\/blogs.ideal.es\/cocina\/wp-json\/wp\/v2\/types\/post"}],"author":[{"embeddable":true,"href":"https:\/\/blogs.ideal.es\/cocina\/wp-json\/wp\/v2\/users\/5"}],"replies":[{"embeddable":true,"href":"https:\/\/blogs.ideal.es\/cocina\/wp-json\/wp\/v2\/comments?post=658"}],"version-history":[{"count":0,"href":"https:\/\/blogs.ideal.es\/cocina\/wp-json\/wp\/v2\/posts\/658\/revisions"}],"wp:attachment":[{"href":"https:\/\/blogs.ideal.es\/cocina\/wp-json\/wp\/v2\/media?parent=658"}],"wp:term":[{"taxonomy":"category","embeddable":true,"href":"https:\/\/blogs.ideal.es\/cocina\/wp-json\/wp\/v2\/categories?post=658"},{"taxonomy":"post_tag","embeddable":true,"href":"https:\/\/blogs.ideal.es\/cocina\/wp-json\/wp\/v2\/tags?post=658"}],"curies":[{"name":"wp","href":"https:\/\/api.w.org\/{rel}","templated":true}]}}