{"id":660,"date":"2012-09-29T18:24:30","date_gmt":"2012-09-29T17:24:30","guid":{"rendered":"http:\/\/blogs.ideal.es\/cocina\/?p=660"},"modified":"2012-09-29T18:24:30","modified_gmt":"2012-09-29T17:24:30","slug":"almendras-garrapinadas","status":"publish","type":"post","link":"https:\/\/blogs.ideal.es\/cocina\/2012\/09\/29\/almendras-garrapinadas\/","title":{"rendered":"Almendras garrapi\u00f1adas"},"content":{"rendered":"<p><a href=\"\/cocina\/wp-content\/uploads\/sites\/9\/2012\/09\/250912a-1.jpg\"><img loading=\"lazy\" class=\"aligncenter size-medium wp-image-661\" title=\"250912a\" src=\"\/cocina\/wp-content\/uploads\/sites\/9\/2012\/09\/250912a-300x225.jpg\" alt=\"\" width=\"300\" height=\"225\" \/><\/a><\/p>\n<p><strong>Puede ser un postre, a modo de &#8220;petit four&#8221; o un aperitivo con un vino oloroso dulce.<\/strong><br \/>\nIngredientes:<br \/>\nAlmendras peladas sin sal<br \/>\nAz\u00facar<br \/>\nElaboraci\u00f3n:<br \/>\nLos artesanos confiteros suelen usar un recipiente de cobre, pero usted puede utilizar cualquier sart\u00e9n bien limpia y antiadherente. Echar el az\u00facar y a fuego vivo la vamos fundiendo,\u00a0removi\u00e9ndose\u00a0con una esp\u00e1tula de madera continuamente. A continuaci\u00f3n vamos a\u00f1adiendo las almendras sin parar de remover. Bajamos el fuego y las vamos recubriendo del az\u00facar, hasta quedar recubiertas las almendras. Sacar y esparcir en un pa\u00f1o hasta que se enfrien.<\/p>\n<!-- AddThis Advanced Settings generic via filter on the_content --><!-- AddThis Share Buttons generic via filter on the_content -->","protected":false},"excerpt":{"rendered":"<p>Puede ser un postre, a modo de &#8220;petit four&#8221; o un aperitivo con un vino oloroso dulce. Ingredientes: Almendras peladas sin sal Az\u00facar Elaboraci\u00f3n: Los artesanos confiteros suelen usar un recipiente de cobre, pero usted puede utilizar cualquier sart\u00e9n bien limpia y antiadherente. Echar el az\u00facar y a fuego vivo la vamos fundiendo,\u00a0removi\u00e9ndose\u00a0con una esp\u00e1tula [&hellip;]<!-- AddThis Advanced Settings generic via filter on get_the_excerpt --><!-- AddThis Share Buttons generic via filter on get_the_excerpt --><\/p>\n","protected":false},"author":5,"featured_media":0,"comment_status":"open","ping_status":"closed","sticky":false,"template":"","format":"standard","meta":[],"categories":[4,8,11,12,14],"tags":[],"_links":{"self":[{"href":"https:\/\/blogs.ideal.es\/cocina\/wp-json\/wp\/v2\/posts\/660"}],"collection":[{"href":"https:\/\/blogs.ideal.es\/cocina\/wp-json\/wp\/v2\/posts"}],"about":[{"href":"https:\/\/blogs.ideal.es\/cocina\/wp-json\/wp\/v2\/types\/post"}],"author":[{"embeddable":true,"href":"https:\/\/blogs.ideal.es\/cocina\/wp-json\/wp\/v2\/users\/5"}],"replies":[{"embeddable":true,"href":"https:\/\/blogs.ideal.es\/cocina\/wp-json\/wp\/v2\/comments?post=660"}],"version-history":[{"count":0,"href":"https:\/\/blogs.ideal.es\/cocina\/wp-json\/wp\/v2\/posts\/660\/revisions"}],"wp:attachment":[{"href":"https:\/\/blogs.ideal.es\/cocina\/wp-json\/wp\/v2\/media?parent=660"}],"wp:term":[{"taxonomy":"category","embeddable":true,"href":"https:\/\/blogs.ideal.es\/cocina\/wp-json\/wp\/v2\/categories?post=660"},{"taxonomy":"post_tag","embeddable":true,"href":"https:\/\/blogs.ideal.es\/cocina\/wp-json\/wp\/v2\/tags?post=660"}],"curies":[{"name":"wp","href":"https:\/\/api.w.org\/{rel}","templated":true}]}}