{"id":675,"date":"2012-10-09T12:18:12","date_gmt":"2012-10-09T11:18:12","guid":{"rendered":"http:\/\/blogs.ideal.es\/cocina\/?p=675"},"modified":"2012-10-09T12:18:12","modified_gmt":"2012-10-09T11:18:12","slug":"la-manigua-un-nuevo-concepto-de-gastrobar-y-copas","status":"publish","type":"post","link":"https:\/\/blogs.ideal.es\/cocina\/2012\/10\/09\/la-manigua-un-nuevo-concepto-de-gastrobar-y-copas\/","title":{"rendered":"La Manigua, un nuevo concepto de gastrobar y copas"},"content":{"rendered":"<p><a href=\"\/cocina\/wp-content\/uploads\/sites\/9\/2012\/10\/Foto-grande-0610121.jpg\"><img loading=\"lazy\" class=\"aligncenter size-medium wp-image-676\" title=\"Foto grande 061012\" src=\"\/cocina\/wp-content\/uploads\/sites\/9\/2012\/10\/Foto-grande-0610121-300x225.jpg\" alt=\"\" width=\"300\" height=\"225\" srcset=\"https:\/\/static-blogs.ideal.es\/wp-content\/uploads\/sites\/9\/2012\/10\/Foto-grande-0610121-300x225.jpg 300w, https:\/\/static-blogs.ideal.es\/wp-content\/uploads\/sites\/9\/2012\/10\/Foto-grande-0610121-768x576.jpg 768w, https:\/\/static-blogs.ideal.es\/wp-content\/uploads\/sites\/9\/2012\/10\/Foto-grande-0610121-1024x768.jpg 1024w, https:\/\/static-blogs.ideal.es\/wp-content\/uploads\/sites\/9\/2012\/10\/Foto-grande-0610121.jpg 1500w\" sizes=\"(max-width: 300px) 100vw, 300px\" \/><\/a><\/p>\n<p><strong>Se acaba de inaugurar un coqueto bar restaurante, con un gran surtido en combinados y copas <\/strong><br \/>\nSituado en la calle Escudo del\u00a0Carmen\u00a0 esquina Laurel de San Mat\u00edas, 1 y en una casona restaurada, abre sus puertas La Manigua. Una iniciativa de Aida y Juan Carlos Anaya, Emilio Robles y Sergio D\u00edaz, que han apostado por la modernidad y una carta corta con muchas variantes de platos. Destacar sus atractivas ensaladas, ib\u00e9ricos o sus excelentes chuletillas de cordero. No falta el caviar de Riofr\u00edo entre otra variada carta de raciones y tapas. Cuenta con un sugerente comedor privado para reuniones y peque\u00f1as presentaciones de empresa, con toda intimidad. El equipo jov\u00e9n que trabaja en los fogones y en la barra, est\u00e1n simpaticamente uniformados y son atentos y muy profesionales, incluyendo a Sara la cocinera, creativa pero sensata en sus elaboraciones culinarias.<br \/>\nTiene un comodo horario que comienza a las 12:30 y termina a las dos de la madrugada, sin cierre al medio d\u00eda. Destacar sus elegidos vinos de su carta que ayudan a disfrutar en sus mesas alta o barra. Y para la sobremesa descubra su gran variedad de licores.<br \/>\nComentar que cuentan con 10 cocteles de La Manigua, seis cocteles de vodka y siete con espumosos. Hasta hay una sangr\u00eda especial con cava.Y la oferta continua con nada menos 37 tipos diferentes de ginebra para combinar con variadas tonicas del mundo. Y prestos a la tendencia que vienen, apuestas por el mundo del vodka, contando con nada menos cincuenta y un tipos de marcas premium id\u00f3neas a ser combinadas de m\u00faltiples manera de la buena mano de los chicos de la barra. No faltan los rones y wiskys con buen surtido, lo mismo que con el champ\u00e1n franc\u00e9s y cavas espa\u00f1oles, que en breve ampliaran. Y para los abstemios cuentan con una gama de batidos de frutas naturales. Hay que felicitar a los socios y su familias por abrir otro bonito local y crear puestos de trabajo en estos tiempos. D\u00e1ndole valor a una zona de Granada que antes estuvo poco valorada y que ahora, tan c\u00e9ntrica a espaldas del ayuntamiento, retoma un buen ambiente<\/p>\n<!-- AddThis Advanced Settings generic via filter on the_content --><!-- AddThis Share Buttons generic via filter on the_content -->","protected":false},"excerpt":{"rendered":"<p>Se acaba de inaugurar un coqueto bar restaurante, con un gran surtido en combinados y copas Situado en la calle Escudo del\u00a0Carmen\u00a0 esquina Laurel de San Mat\u00edas, 1 y en una casona restaurada, abre sus puertas La Manigua. Una iniciativa de Aida y Juan Carlos Anaya, Emilio Robles y Sergio D\u00edaz, que han apostado por [&hellip;]<!-- AddThis Advanced Settings generic via filter on get_the_excerpt --><!-- AddThis Share Buttons generic via filter on get_the_excerpt --><\/p>\n","protected":false},"author":5,"featured_media":0,"comment_status":"open","ping_status":"closed","sticky":false,"template":"","format":"standard","meta":[],"categories":[3,8],"tags":[],"_links":{"self":[{"href":"https:\/\/blogs.ideal.es\/cocina\/wp-json\/wp\/v2\/posts\/675"}],"collection":[{"href":"https:\/\/blogs.ideal.es\/cocina\/wp-json\/wp\/v2\/posts"}],"about":[{"href":"https:\/\/blogs.ideal.es\/cocina\/wp-json\/wp\/v2\/types\/post"}],"author":[{"embeddable":true,"href":"https:\/\/blogs.ideal.es\/cocina\/wp-json\/wp\/v2\/users\/5"}],"replies":[{"embeddable":true,"href":"https:\/\/blogs.ideal.es\/cocina\/wp-json\/wp\/v2\/comments?post=675"}],"version-history":[{"count":0,"href":"https:\/\/blogs.ideal.es\/cocina\/wp-json\/wp\/v2\/posts\/675\/revisions"}],"wp:attachment":[{"href":"https:\/\/blogs.ideal.es\/cocina\/wp-json\/wp\/v2\/media?parent=675"}],"wp:term":[{"taxonomy":"category","embeddable":true,"href":"https:\/\/blogs.ideal.es\/cocina\/wp-json\/wp\/v2\/categories?post=675"},{"taxonomy":"post_tag","embeddable":true,"href":"https:\/\/blogs.ideal.es\/cocina\/wp-json\/wp\/v2\/tags?post=675"}],"curies":[{"name":"wp","href":"https:\/\/api.w.org\/{rel}","templated":true}]}}