{"id":686,"date":"2012-10-09T19:45:06","date_gmt":"2012-10-09T18:45:06","guid":{"rendered":"http:\/\/blogs.ideal.es\/cocina\/?p=686"},"modified":"2012-10-09T19:45:06","modified_gmt":"2012-10-09T18:45:06","slug":"valdubon-crianza","status":"publish","type":"post","link":"https:\/\/blogs.ideal.es\/cocina\/2012\/10\/09\/valdubon-crianza\/","title":{"rendered":"Valdub\u00f3n crianza"},"content":{"rendered":"<p><a href=\"\/cocina\/wp-content\/uploads\/sites\/9\/2012\/10\/V041012.jpg\"><img loading=\"lazy\" class=\"aligncenter size-full wp-image-687\" title=\"V041012\" src=\"\/cocina\/wp-content\/uploads\/sites\/9\/2012\/10\/V041012.jpg\" alt=\"\" width=\"300\" height=\"300\" srcset=\"https:\/\/static-blogs.ideal.es\/wp-content\/uploads\/sites\/9\/2012\/10\/V041012.jpg 300w, https:\/\/static-blogs.ideal.es\/wp-content\/uploads\/sites\/9\/2012\/10\/V041012-150x150.jpg 150w\" sizes=\"(max-width: 300px) 100vw, 300px\" \/><\/a><\/p>\n<p>La bodega Valdub\u00f3n Crianza est\u00e1 elaborado con 100% Tinto del pa\u00eds (Tempranillo).Uva procedente de vi\u00f1edos de m\u00e1s de cuarenta a\u00f1os. En la copa presenta un color rojo granate, pero conserva notas azuladas que dan pistas sobre su frescura. En nariz: aroma de buena intensidad. Destacan los aromas torrefactos.<\/p>\n<!-- AddThis Advanced Settings generic via filter on the_content --><!-- AddThis Share Buttons generic via filter on the_content -->","protected":false},"excerpt":{"rendered":"<p>La bodega Valdub\u00f3n Crianza est\u00e1 elaborado con 100% Tinto del pa\u00eds (Tempranillo).Uva procedente de vi\u00f1edos de m\u00e1s de cuarenta a\u00f1os. En la copa presenta un color rojo granate, pero conserva notas azuladas que dan pistas sobre su frescura. En nariz: aroma de buena intensidad. Destacan los aromas torrefactos.<!-- AddThis Advanced Settings generic via filter on get_the_excerpt --><!-- AddThis Share Buttons generic via filter on get_the_excerpt --><\/p>\n","protected":false},"author":5,"featured_media":0,"comment_status":"open","ping_status":"closed","sticky":false,"template":"","format":"standard","meta":[],"categories":[8],"tags":[],"_links":{"self":[{"href":"https:\/\/blogs.ideal.es\/cocina\/wp-json\/wp\/v2\/posts\/686"}],"collection":[{"href":"https:\/\/blogs.ideal.es\/cocina\/wp-json\/wp\/v2\/posts"}],"about":[{"href":"https:\/\/blogs.ideal.es\/cocina\/wp-json\/wp\/v2\/types\/post"}],"author":[{"embeddable":true,"href":"https:\/\/blogs.ideal.es\/cocina\/wp-json\/wp\/v2\/users\/5"}],"replies":[{"embeddable":true,"href":"https:\/\/blogs.ideal.es\/cocina\/wp-json\/wp\/v2\/comments?post=686"}],"version-history":[{"count":0,"href":"https:\/\/blogs.ideal.es\/cocina\/wp-json\/wp\/v2\/posts\/686\/revisions"}],"wp:attachment":[{"href":"https:\/\/blogs.ideal.es\/cocina\/wp-json\/wp\/v2\/media?parent=686"}],"wp:term":[{"taxonomy":"category","embeddable":true,"href":"https:\/\/blogs.ideal.es\/cocina\/wp-json\/wp\/v2\/categories?post=686"},{"taxonomy":"post_tag","embeddable":true,"href":"https:\/\/blogs.ideal.es\/cocina\/wp-json\/wp\/v2\/tags?post=686"}],"curies":[{"name":"wp","href":"https:\/\/api.w.org\/{rel}","templated":true}]}}