{"id":694,"date":"2012-10-15T19:08:03","date_gmt":"2012-10-15T18:08:03","guid":{"rendered":"http:\/\/blogs.ideal.es\/cocina\/?p=694"},"modified":"2012-10-15T19:08:03","modified_gmt":"2012-10-15T18:08:03","slug":"hotel-restaurante-jardines-de-la-tejera-con-buena-mesa","status":"publish","type":"post","link":"https:\/\/blogs.ideal.es\/cocina\/2012\/10\/15\/hotel-restaurante-jardines-de-la-tejera-con-buena-mesa\/","title":{"rendered":"Hotel restaurante Jardines de La Tejera, con buena mesa"},"content":{"rendered":"<p><a href=\"\/cocina\/wp-content\/uploads\/sites\/9\/2012\/10\/Foto-peque\u00f1a-131012.jpg\"><img loading=\"lazy\" class=\"aligncenter size-medium wp-image-695\" title=\"Foto peque\u00f1a 131012\" src=\"\/cocina\/wp-content\/uploads\/sites\/9\/2012\/10\/Foto-peque\u00f1a-131012-300x225.jpg\" alt=\"\" width=\"300\" height=\"225\" srcset=\"https:\/\/static-blogs.ideal.es\/wp-content\/uploads\/sites\/9\/2012\/10\/Foto-peque\u00f1a-131012-300x225.jpg 300w, https:\/\/static-blogs.ideal.es\/wp-content\/uploads\/sites\/9\/2012\/10\/Foto-peque\u00f1a-131012-768x576.jpg 768w, https:\/\/static-blogs.ideal.es\/wp-content\/uploads\/sites\/9\/2012\/10\/Foto-peque\u00f1a-131012.jpg 900w\" sizes=\"(max-width: 300px) 100vw, 300px\" \/><\/a><\/p>\n<p>Ram\u00f3n Molina, director y Assane Gaye, jefe de cocina posan en la entrada del hotel en Olula del R\u00edo.<\/p>\n<p>Este complejo hostelero lo dirige Ram\u00f3n Molina que \u00a0lleva diez a\u00f1os en la empresa y act\u00faa con acierto. Cuenta con un buen hotel de modernas instalaciones y una reciente zona de cafeter\u00eda, llamada Terra Caf\u00e9, donde poder tomar desayunos variados, aperitivos y comer bocadillos, sandwiches, hamburguesas, tapas y \u00a0raciones. Ya en sus comedores disponen de un men\u00fa del d\u00eda y una interesante carta para comidas y cenas. La cocina la lleva desde 2008 Assane Gaye, cocinero que aprendi\u00f3 en Ly\u00f3n, cuna de la cocina francesa, los oficios gastron\u00f3micos. Vanesa Molina es la eficaz metre del complejo hotelero y sus comedores y banquetes<\/p>\n<p>&nbsp;<\/p>\n<!-- AddThis Advanced Settings generic via filter on the_content --><!-- AddThis Share Buttons generic via filter on the_content -->","protected":false},"excerpt":{"rendered":"<p>Ram\u00f3n Molina, director y Assane Gaye, jefe de cocina posan en la entrada del hotel en Olula del R\u00edo. Este complejo hostelero lo dirige Ram\u00f3n Molina que \u00a0lleva diez a\u00f1os en la empresa y act\u00faa con acierto. Cuenta con un buen hotel de modernas instalaciones y una reciente zona de cafeter\u00eda, llamada Terra Caf\u00e9, donde [&hellip;]<!-- AddThis Advanced Settings generic via filter on get_the_excerpt --><!-- AddThis Share Buttons generic via filter on get_the_excerpt --><\/p>\n","protected":false},"author":5,"featured_media":0,"comment_status":"open","ping_status":"closed","sticky":false,"template":"","format":"standard","meta":[],"categories":[3,16],"tags":[],"_links":{"self":[{"href":"https:\/\/blogs.ideal.es\/cocina\/wp-json\/wp\/v2\/posts\/694"}],"collection":[{"href":"https:\/\/blogs.ideal.es\/cocina\/wp-json\/wp\/v2\/posts"}],"about":[{"href":"https:\/\/blogs.ideal.es\/cocina\/wp-json\/wp\/v2\/types\/post"}],"author":[{"embeddable":true,"href":"https:\/\/blogs.ideal.es\/cocina\/wp-json\/wp\/v2\/users\/5"}],"replies":[{"embeddable":true,"href":"https:\/\/blogs.ideal.es\/cocina\/wp-json\/wp\/v2\/comments?post=694"}],"version-history":[{"count":0,"href":"https:\/\/blogs.ideal.es\/cocina\/wp-json\/wp\/v2\/posts\/694\/revisions"}],"wp:attachment":[{"href":"https:\/\/blogs.ideal.es\/cocina\/wp-json\/wp\/v2\/media?parent=694"}],"wp:term":[{"taxonomy":"category","embeddable":true,"href":"https:\/\/blogs.ideal.es\/cocina\/wp-json\/wp\/v2\/categories?post=694"},{"taxonomy":"post_tag","embeddable":true,"href":"https:\/\/blogs.ideal.es\/cocina\/wp-json\/wp\/v2\/tags?post=694"}],"curies":[{"name":"wp","href":"https:\/\/api.w.org\/{rel}","templated":true}]}}