{"id":713,"date":"2012-10-23T20:42:04","date_gmt":"2012-10-23T19:42:04","guid":{"rendered":"http:\/\/blogs.ideal.es\/cocina\/?p=713"},"modified":"2012-10-23T20:42:04","modified_gmt":"2012-10-23T19:42:04","slug":"curro-marin-tercero-en-el-concurso-de-gintonic-nacional","status":"publish","type":"post","link":"https:\/\/blogs.ideal.es\/cocina\/2012\/10\/23\/curro-marin-tercero-en-el-concurso-de-gintonic-nacional\/","title":{"rendered":"Curro Mar\u00edn tercero en el concurso de gintonic nacional"},"content":{"rendered":"<p><a href=\"\/cocina\/wp-content\/uploads\/sites\/9\/2012\/10\/IMG_0988.jpg\"><img loading=\"lazy\" class=\"aligncenter size-medium wp-image-714\" title=\"IMG_0988\" src=\"\/cocina\/wp-content\/uploads\/sites\/9\/2012\/10\/IMG_0988-224x300.jpg\" alt=\"\" width=\"224\" height=\"300\" srcset=\"https:\/\/static-blogs.ideal.es\/wp-content\/uploads\/sites\/9\/2012\/10\/IMG_0988-224x300.jpg 224w, https:\/\/static-blogs.ideal.es\/wp-content\/uploads\/sites\/9\/2012\/10\/IMG_0988-768x1028.jpg 768w, https:\/\/static-blogs.ideal.es\/wp-content\/uploads\/sites\/9\/2012\/10\/IMG_0988-765x1024.jpg 765w, https:\/\/static-blogs.ideal.es\/wp-content\/uploads\/sites\/9\/2012\/10\/IMG_0988.jpg 1936w\" sizes=\"(max-width: 224px) 100vw, 224px\" \/><\/a><\/p>\n<p>En San Sebasti\u00e1n se ha celebrado recientemente el campeonato de Espa\u00f1a de Gintonic. Lo que da idea del alto nivel de los concursantes presentados. El concurso lleva el nombre de mi querido amigo, ya fallecido Jordi Estadellas. Aunque entre los \u00edntimos le llamabamois Jorge. Recuerdo que nos tomamos una noche los mejores gintonic en el famoso hotel Savoy de Londres. Una noche y experiencia inolvidable junto a mi entra\u00f1able amigo del coraz\u00f3n. Y ha sido el granadino Curro Mar\u00edn del asador situado en la carretera de la Sierra se clasific\u00f3 entre los finalistas y se desplaz\u00f3 hasta la capital vasca y ya en la s\u00faper final tuvo la suerte gracias a su original combinado de quedar tercero. Un meritorio lugar pues tuvo que competir frente afamados barmans espa\u00f1oles. Los ingredientes fueron: Ginebra 12-11 de Granada. Piel de naranja de El Valle de Lecr\u00edn (Granada). Fever Tree Mediterr\u00e1nea. Licor Esprit de June. Haba Tonka. Tomillo fresco de la sierra y Physalis. El premio ha sido nada menos de 1000 euros y ya saben en donde tiene que recalar para probar su cochinillo y despu\u00e9s un buen gintonic ganador. Ya sea en su grato comedor o en su barra donde tambi\u00e9n se tapea al estilo m\u00e1s castizo de Andaluc\u00eda. Si le gustan las buenas sobremesas no se pierda que Curro le prepare en su mesa algunos de sus famosos gintonic, entre ellos hay que catar el que ha logrado tan dif\u00edcil premio en la cuna de estos combinados. Pues ya saben lo aficionados que son los vascos a esta bebida, ahora repleta de marcas<\/p>\n<!-- AddThis Advanced Settings generic via filter on the_content --><!-- AddThis Share Buttons generic via filter on the_content -->","protected":false},"excerpt":{"rendered":"<p>En San Sebasti\u00e1n se ha celebrado recientemente el campeonato de Espa\u00f1a de Gintonic. Lo que da idea del alto nivel de los concursantes presentados. El concurso lleva el nombre de mi querido amigo, ya fallecido Jordi Estadellas. Aunque entre los \u00edntimos le llamabamois Jorge. Recuerdo que nos tomamos una noche los mejores gintonic en el [&hellip;]<!-- AddThis Advanced Settings generic via filter on get_the_excerpt --><!-- AddThis Share Buttons generic via filter on get_the_excerpt --><\/p>\n","protected":false},"author":5,"featured_media":0,"comment_status":"open","ping_status":"closed","sticky":false,"template":"","format":"standard","meta":[],"categories":[8],"tags":[],"_links":{"self":[{"href":"https:\/\/blogs.ideal.es\/cocina\/wp-json\/wp\/v2\/posts\/713"}],"collection":[{"href":"https:\/\/blogs.ideal.es\/cocina\/wp-json\/wp\/v2\/posts"}],"about":[{"href":"https:\/\/blogs.ideal.es\/cocina\/wp-json\/wp\/v2\/types\/post"}],"author":[{"embeddable":true,"href":"https:\/\/blogs.ideal.es\/cocina\/wp-json\/wp\/v2\/users\/5"}],"replies":[{"embeddable":true,"href":"https:\/\/blogs.ideal.es\/cocina\/wp-json\/wp\/v2\/comments?post=713"}],"version-history":[{"count":0,"href":"https:\/\/blogs.ideal.es\/cocina\/wp-json\/wp\/v2\/posts\/713\/revisions"}],"wp:attachment":[{"href":"https:\/\/blogs.ideal.es\/cocina\/wp-json\/wp\/v2\/media?parent=713"}],"wp:term":[{"taxonomy":"category","embeddable":true,"href":"https:\/\/blogs.ideal.es\/cocina\/wp-json\/wp\/v2\/categories?post=713"},{"taxonomy":"post_tag","embeddable":true,"href":"https:\/\/blogs.ideal.es\/cocina\/wp-json\/wp\/v2\/tags?post=713"}],"curies":[{"name":"wp","href":"https:\/\/api.w.org\/{rel}","templated":true}]}}