{"id":717,"date":"2012-10-27T17:43:09","date_gmt":"2012-10-27T16:43:09","guid":{"rendered":"http:\/\/blogs.ideal.es\/cocina\/?p=717"},"modified":"2012-10-27T17:43:09","modified_gmt":"2012-10-27T16:43:09","slug":"vina-mayor-toro","status":"publish","type":"post","link":"https:\/\/blogs.ideal.es\/cocina\/2012\/10\/27\/vina-mayor-toro\/","title":{"rendered":"Vi\u00f1a Mayor Toro"},"content":{"rendered":"<p>Color: Brillante color picota profundo, con ribetes viol\u00e1ceos. Aroma: A fruta negra, mermelada de ar\u00e1ndanos, y aromas a pasteler\u00eda que se mezclan con aromas tostados y bals\u00e1micos, formando un complejo perfume. Sabor: En boca es sabroso y potente, con cuerpo, equilibrado y elegante a la buena madera<\/p>\n<!-- AddThis Advanced Settings generic via filter on the_content --><!-- AddThis Share Buttons generic via filter on the_content -->","protected":false},"excerpt":{"rendered":"<p>Color: Brillante color picota profundo, con ribetes viol\u00e1ceos. Aroma: A fruta negra, mermelada de ar\u00e1ndanos, y aromas a pasteler\u00eda que se mezclan con aromas tostados y bals\u00e1micos, formando un complejo perfume. Sabor: En boca es sabroso y potente, con cuerpo, equilibrado y elegante a la buena madera<!-- AddThis Advanced Settings generic via filter on get_the_excerpt --><!-- AddThis Share Buttons generic via filter on get_the_excerpt --><\/p>\n","protected":false},"author":5,"featured_media":0,"comment_status":"open","ping_status":"closed","sticky":false,"template":"","format":"standard","meta":[],"categories":[9],"tags":[],"_links":{"self":[{"href":"https:\/\/blogs.ideal.es\/cocina\/wp-json\/wp\/v2\/posts\/717"}],"collection":[{"href":"https:\/\/blogs.ideal.es\/cocina\/wp-json\/wp\/v2\/posts"}],"about":[{"href":"https:\/\/blogs.ideal.es\/cocina\/wp-json\/wp\/v2\/types\/post"}],"author":[{"embeddable":true,"href":"https:\/\/blogs.ideal.es\/cocina\/wp-json\/wp\/v2\/users\/5"}],"replies":[{"embeddable":true,"href":"https:\/\/blogs.ideal.es\/cocina\/wp-json\/wp\/v2\/comments?post=717"}],"version-history":[{"count":0,"href":"https:\/\/blogs.ideal.es\/cocina\/wp-json\/wp\/v2\/posts\/717\/revisions"}],"wp:attachment":[{"href":"https:\/\/blogs.ideal.es\/cocina\/wp-json\/wp\/v2\/media?parent=717"}],"wp:term":[{"taxonomy":"category","embeddable":true,"href":"https:\/\/blogs.ideal.es\/cocina\/wp-json\/wp\/v2\/categories?post=717"},{"taxonomy":"post_tag","embeddable":true,"href":"https:\/\/blogs.ideal.es\/cocina\/wp-json\/wp\/v2\/tags?post=717"}],"curies":[{"name":"wp","href":"https:\/\/api.w.org\/{rel}","templated":true}]}}