{"id":725,"date":"2012-10-28T18:58:43","date_gmt":"2012-10-28T17:58:43","guid":{"rendered":"http:\/\/blogs.ideal.es\/cocina\/?p=725"},"modified":"2012-10-28T18:58:43","modified_gmt":"2012-10-28T17:58:43","slug":"terras-gauda","status":"publish","type":"post","link":"https:\/\/blogs.ideal.es\/cocina\/2012\/10\/28\/terras-gauda\/","title":{"rendered":"Terras Gauda"},"content":{"rendered":"<p><a href=\"\/cocina\/wp-content\/uploads\/sites\/9\/2012\/10\/V221012.jpg\"><img loading=\"lazy\" class=\"aligncenter size-full wp-image-726\" title=\"V221012\" src=\"\/cocina\/wp-content\/uploads\/sites\/9\/2012\/10\/V221012.jpg\" alt=\"\" width=\"300\" height=\"542\" srcset=\"https:\/\/static-blogs.ideal.es\/wp-content\/uploads\/sites\/9\/2012\/10\/V221012.jpg 300w, https:\/\/static-blogs.ideal.es\/wp-content\/uploads\/sites\/9\/2012\/10\/V221012-166x300.jpg 166w\" sizes=\"(max-width: 300px) 100vw, 300px\" \/><\/a><\/p>\n<p>Su acusada personalidad es el resultado de combinar los mostos de la legendaria cepa Albari\u00f1o (70% aprox) con las singulares Loureiro y Cai\u00f1o blanco en las proporciones m\u00e1s adecuadas. Destaca por su entrada amable en boca, avanzando hacia una agradable y golosa untuosidad acompa\u00f1ada de fresca y viva<\/p>\n<!-- AddThis Advanced Settings generic via filter on the_content --><!-- AddThis Share Buttons generic via filter on the_content -->","protected":false},"excerpt":{"rendered":"<p>Su acusada personalidad es el resultado de combinar los mostos de la legendaria cepa Albari\u00f1o (70% aprox) con las singulares Loureiro y Cai\u00f1o blanco en las proporciones m\u00e1s adecuadas. Destaca por su entrada amable en boca, avanzando hacia una agradable y golosa untuosidad acompa\u00f1ada de fresca y viva<!-- AddThis Advanced Settings generic via filter on get_the_excerpt --><!-- AddThis Share Buttons generic via filter on get_the_excerpt --><\/p>\n","protected":false},"author":5,"featured_media":0,"comment_status":"open","ping_status":"closed","sticky":false,"template":"","format":"standard","meta":[],"categories":[9],"tags":[],"_links":{"self":[{"href":"https:\/\/blogs.ideal.es\/cocina\/wp-json\/wp\/v2\/posts\/725"}],"collection":[{"href":"https:\/\/blogs.ideal.es\/cocina\/wp-json\/wp\/v2\/posts"}],"about":[{"href":"https:\/\/blogs.ideal.es\/cocina\/wp-json\/wp\/v2\/types\/post"}],"author":[{"embeddable":true,"href":"https:\/\/blogs.ideal.es\/cocina\/wp-json\/wp\/v2\/users\/5"}],"replies":[{"embeddable":true,"href":"https:\/\/blogs.ideal.es\/cocina\/wp-json\/wp\/v2\/comments?post=725"}],"version-history":[{"count":0,"href":"https:\/\/blogs.ideal.es\/cocina\/wp-json\/wp\/v2\/posts\/725\/revisions"}],"wp:attachment":[{"href":"https:\/\/blogs.ideal.es\/cocina\/wp-json\/wp\/v2\/media?parent=725"}],"wp:term":[{"taxonomy":"category","embeddable":true,"href":"https:\/\/blogs.ideal.es\/cocina\/wp-json\/wp\/v2\/categories?post=725"},{"taxonomy":"post_tag","embeddable":true,"href":"https:\/\/blogs.ideal.es\/cocina\/wp-json\/wp\/v2\/tags?post=725"}],"curies":[{"name":"wp","href":"https:\/\/api.w.org\/{rel}","templated":true}]}}