{"id":752,"date":"2012-11-25T13:51:06","date_gmt":"2012-11-25T12:51:06","guid":{"rendered":"http:\/\/blogs.ideal.es\/cocina\/?p=752"},"modified":"2012-11-25T13:51:06","modified_gmt":"2012-11-25T12:51:06","slug":"el-lucero-dentro-y-fuera","status":"publish","type":"post","link":"https:\/\/blogs.ideal.es\/cocina\/2012\/11\/25\/el-lucero-dentro-y-fuera\/","title":{"rendered":"El Lucero, dentro y fuera"},"content":{"rendered":"<p><a href=\"\/cocina\/wp-content\/uploads\/sites\/9\/2012\/11\/Foto-peque\u00f1a-1711121.jpg\"><img loading=\"lazy\" class=\"aligncenter size-medium wp-image-753\" title=\"Foto peque\u00f1a 171112\" src=\"\/cocina\/wp-content\/uploads\/sites\/9\/2012\/11\/Foto-peque\u00f1a-1711121-300x225.jpg\" alt=\"\" width=\"300\" height=\"225\" srcset=\"https:\/\/static-blogs.ideal.es\/wp-content\/uploads\/sites\/9\/2012\/11\/Foto-peque\u00f1a-1711121-300x225.jpg 300w, https:\/\/static-blogs.ideal.es\/wp-content\/uploads\/sites\/9\/2012\/11\/Foto-peque\u00f1a-1711121-768x576.jpg 768w, https:\/\/static-blogs.ideal.es\/wp-content\/uploads\/sites\/9\/2012\/11\/Foto-peque\u00f1a-1711121.jpg 1000w\" sizes=\"(max-width: 300px) 100vw, 300px\" \/><\/a><\/p>\n<p>Son muchos los a\u00f1os que la familia Del Ojo Carballo regenta su amplio restaurante situado en Hu\u00e9tor Vega. All\u00ed Eveling, Miguel \u00c1ngel y Daniel, la segunda generaci\u00f3n, trabajan a una para ofrecer una surtida carta y tambi\u00e9n un men\u00fa diario a un buen precio de 8,50 euros y los festivos a 12 euros. Entre sus platos destacar el bacalao gratinado, churrasco especial, codillo a la andaluza, cordero lechal, choto al estilo cortijero. No olvidan los embutidos de la zona de la que ofrecen una surtida tabla. Por supuesto preparan variadas ensaladas y tomates ali\u00f1ados, sopas y consom\u00e9s. Tambi\u00e9n se puede comer en raciones, tanto en la barra, comedores o en su terraza, con parque de juegos infantiles gratuito. Berenjenas, croquetas, puntillitas de calamar, morcilla, lomo con ajos, las inefables habas con jam\u00f3n de la zona. Tambi\u00e9n mantienen cl\u00e1sicos populares choto al estilo cortijero, conejo o pollo al ajillo. Preparan arroces y disponen de diez tipos de pescado. Ofrecen un tradicional San Jacobo, paletilla de cordero. Para los peques y mayores hay pizzas y platos de pasta, o parrillada de verduras para los m\u00e1s vegetarianos. Y de postre no falta una tentadora tarta de piononos o crepes con helado.<\/p>\n<!-- AddThis Advanced Settings generic via filter on the_content --><!-- AddThis Share Buttons generic via filter on the_content -->","protected":false},"excerpt":{"rendered":"<p>Son muchos los a\u00f1os que la familia Del Ojo Carballo regenta su amplio restaurante situado en Hu\u00e9tor Vega. All\u00ed Eveling, Miguel \u00c1ngel y Daniel, la segunda generaci\u00f3n, trabajan a una para ofrecer una surtida carta y tambi\u00e9n un men\u00fa diario a un buen precio de 8,50 euros y los festivos a 12 euros. Entre sus [&hellip;]<!-- AddThis Advanced Settings generic via filter on get_the_excerpt --><!-- AddThis Share Buttons generic via filter on get_the_excerpt --><\/p>\n","protected":false},"author":5,"featured_media":0,"comment_status":"open","ping_status":"closed","sticky":false,"template":"","format":"standard","meta":[],"categories":[3],"tags":[],"_links":{"self":[{"href":"https:\/\/blogs.ideal.es\/cocina\/wp-json\/wp\/v2\/posts\/752"}],"collection":[{"href":"https:\/\/blogs.ideal.es\/cocina\/wp-json\/wp\/v2\/posts"}],"about":[{"href":"https:\/\/blogs.ideal.es\/cocina\/wp-json\/wp\/v2\/types\/post"}],"author":[{"embeddable":true,"href":"https:\/\/blogs.ideal.es\/cocina\/wp-json\/wp\/v2\/users\/5"}],"replies":[{"embeddable":true,"href":"https:\/\/blogs.ideal.es\/cocina\/wp-json\/wp\/v2\/comments?post=752"}],"version-history":[{"count":0,"href":"https:\/\/blogs.ideal.es\/cocina\/wp-json\/wp\/v2\/posts\/752\/revisions"}],"wp:attachment":[{"href":"https:\/\/blogs.ideal.es\/cocina\/wp-json\/wp\/v2\/media?parent=752"}],"wp:term":[{"taxonomy":"category","embeddable":true,"href":"https:\/\/blogs.ideal.es\/cocina\/wp-json\/wp\/v2\/categories?post=752"},{"taxonomy":"post_tag","embeddable":true,"href":"https:\/\/blogs.ideal.es\/cocina\/wp-json\/wp\/v2\/tags?post=752"}],"curies":[{"name":"wp","href":"https:\/\/api.w.org\/{rel}","templated":true}]}}