{"id":759,"date":"2012-12-03T19:02:58","date_gmt":"2012-12-03T18:02:58","guid":{"rendered":"http:\/\/blogs.ideal.es\/cocina\/?p=759"},"modified":"2012-12-03T19:02:58","modified_gmt":"2012-12-03T18:02:58","slug":"nueva-carta-en-el-restaurante-centro-de-granada","status":"publish","type":"post","link":"https:\/\/blogs.ideal.es\/cocina\/2012\/12\/03\/nueva-carta-en-el-restaurante-centro-de-granada\/","title":{"rendered":"Nueva carta en el restaurante Centro de Granada"},"content":{"rendered":"<p><a href=\"\/cocina\/wp-content\/uploads\/sites\/9\/2012\/12\/Foto-media-011212.jpg\"><img loading=\"lazy\" class=\"aligncenter size-medium wp-image-760\" title=\"Foto media 011212\" src=\"\/cocina\/wp-content\/uploads\/sites\/9\/2012\/12\/Foto-media-011212-300x225.jpg\" alt=\"\" width=\"300\" height=\"225\" srcset=\"https:\/\/static-blogs.ideal.es\/wp-content\/uploads\/sites\/9\/2012\/12\/Foto-media-011212-300x225.jpg 300w, https:\/\/static-blogs.ideal.es\/wp-content\/uploads\/sites\/9\/2012\/12\/Foto-media-011212-768x576.jpg 768w, https:\/\/static-blogs.ideal.es\/wp-content\/uploads\/sites\/9\/2012\/12\/Foto-media-011212.jpg 1000w\" sizes=\"(max-width: 300px) 100vw, 300px\" \/><\/a><\/p>\n<p>El restaurante Centro de Granada es uno de los espacios gastron\u00f3micos con una especial\u00a0atm\u00f3sfera\u00a0que produce sus agradables comedores y terraza. All\u00ed, la familia Navarro cuida y ofrece, con la m\u00e1xima calidad, una cocina variada, para todos los gustos y para todos los bolsillos. Y ahora acaba de renovar su carta, actualizando e incorporando creaciones culinarias muy al gusto de hoy, sin perder tradici\u00f3n y sabores de siempre. Destacar el buen trabajo de cocina y la eficiente y c\u00e1lida forma en que te cuidan los camareros, con Mar\u00eda al frente. Todo un destino para recomendar sin duda.<\/p>\n<p>Nombre : Centro de Granada<br \/>\nDirecci\u00f3n: Plaza de Bib- Rambla, 8-9. Granada<br \/>\nTel\u00e9fono: 958 520 228<br \/>\nPrecios: Los men\u00fas van desde 15 a 45 euros. iva incluido<br \/>\nEstablecimientos: El grupo cuenta con destacados restaurantes y su famosa cafeter\u00eda Bib- Rambla y su chocolate con churros.<br \/>\nPlatos: Destacar sus alcachofas con jam\u00f3n. tartar de at\u00fan rojo, revuelto de setas o su excelente arroz a la le\u00f1a. Tentadores postres<\/p>\n<p>&nbsp;<\/p>\n<!-- AddThis Advanced Settings generic via filter on the_content --><!-- AddThis Share Buttons generic via filter on the_content -->","protected":false},"excerpt":{"rendered":"<p>El restaurante Centro de Granada es uno de los espacios gastron\u00f3micos con una especial\u00a0atm\u00f3sfera\u00a0que produce sus agradables comedores y terraza. All\u00ed, la familia Navarro cuida y ofrece, con la m\u00e1xima calidad, una cocina variada, para todos los gustos y para todos los bolsillos. Y ahora acaba de renovar su carta, actualizando e incorporando creaciones culinarias [&hellip;]<!-- AddThis Advanced Settings generic via filter on get_the_excerpt --><!-- AddThis Share Buttons generic via filter on get_the_excerpt --><\/p>\n","protected":false},"author":5,"featured_media":0,"comment_status":"open","ping_status":"closed","sticky":false,"template":"","format":"standard","meta":[],"categories":[3],"tags":[],"_links":{"self":[{"href":"https:\/\/blogs.ideal.es\/cocina\/wp-json\/wp\/v2\/posts\/759"}],"collection":[{"href":"https:\/\/blogs.ideal.es\/cocina\/wp-json\/wp\/v2\/posts"}],"about":[{"href":"https:\/\/blogs.ideal.es\/cocina\/wp-json\/wp\/v2\/types\/post"}],"author":[{"embeddable":true,"href":"https:\/\/blogs.ideal.es\/cocina\/wp-json\/wp\/v2\/users\/5"}],"replies":[{"embeddable":true,"href":"https:\/\/blogs.ideal.es\/cocina\/wp-json\/wp\/v2\/comments?post=759"}],"version-history":[{"count":0,"href":"https:\/\/blogs.ideal.es\/cocina\/wp-json\/wp\/v2\/posts\/759\/revisions"}],"wp:attachment":[{"href":"https:\/\/blogs.ideal.es\/cocina\/wp-json\/wp\/v2\/media?parent=759"}],"wp:term":[{"taxonomy":"category","embeddable":true,"href":"https:\/\/blogs.ideal.es\/cocina\/wp-json\/wp\/v2\/categories?post=759"},{"taxonomy":"post_tag","embeddable":true,"href":"https:\/\/blogs.ideal.es\/cocina\/wp-json\/wp\/v2\/tags?post=759"}],"curies":[{"name":"wp","href":"https:\/\/api.w.org\/{rel}","templated":true}]}}