{"id":767,"date":"2012-12-15T11:04:31","date_gmt":"2012-12-15T10:04:31","guid":{"rendered":"http:\/\/blogs.ideal.es\/cocina\/?p=767"},"modified":"2012-12-15T11:04:31","modified_gmt":"2012-12-15T10:04:31","slug":"cafe-bar-avenida-un-agradable-destino-en-otura","status":"publish","type":"post","link":"https:\/\/blogs.ideal.es\/cocina\/2012\/12\/15\/cafe-bar-avenida-un-agradable-destino-en-otura\/","title":{"rendered":"Caf\u00e9 Bar Avenida, un agradable destino en Otura"},"content":{"rendered":"<p><a href=\"\/cocina\/wp-content\/uploads\/sites\/9\/2012\/12\/Foto-grande-151212.jpg\"><img loading=\"lazy\" class=\"aligncenter size-medium wp-image-768\" title=\"Foto grande 151212\" src=\"\/cocina\/wp-content\/uploads\/sites\/9\/2012\/12\/Foto-grande-151212-300x225.jpg\" alt=\"\" width=\"300\" height=\"225\" srcset=\"https:\/\/static-blogs.ideal.es\/wp-content\/uploads\/sites\/9\/2012\/12\/Foto-grande-151212-300x225.jpg 300w, https:\/\/static-blogs.ideal.es\/wp-content\/uploads\/sites\/9\/2012\/12\/Foto-grande-151212-768x576.jpg 768w, https:\/\/static-blogs.ideal.es\/wp-content\/uploads\/sites\/9\/2012\/12\/Foto-grande-151212-1024x768.jpg 1024w, https:\/\/static-blogs.ideal.es\/wp-content\/uploads\/sites\/9\/2012\/12\/Foto-grande-151212.jpg 1500w\" sizes=\"(max-width: 300px) 100vw, 300px\" \/><\/a><\/p>\n<p>Vuelvo a Otura a ver a mi amigo Pepe de Talleres Guerrero y me lleva un bonito local. Los tonos azul a\u00f1il y la limpieza del establecimiento ya dan una buena pista. Su propietario, Juan Manuel Anguita, dirige con acierto y amabilidad este bar cafeter\u00eda que comienza con buenos desayunos con tostadas variadas. Dispone de raciones y adem\u00e1s permite al cliente elegir la tapa de una amplia lista plagada de tentadoras opciones. Todas muy bien resueltas en la cocina. El turno de ma\u00f1ana son: Juan Manuel Anguita, Isaac, Jaime, Sabrina y Adelina, que trabajan a una para atender<\/p>\n<p>Lugar: Caf\u00e9 Bar Avenida<br \/>\nDirecci\u00f3n: Avda. Vizconde de R\u00edas, s\/n Otura (Granada)<br \/>\nTel\u00e9fono: 958 556043<br \/>\nCierre: Martes<br \/>\nPub: Cuentan con otro local. Un pub &#8220;Sol y Nieve&#8221;, con caf\u00e9 bar en la C\/ Andaluc\u00eda. No cierra ning\u00fan d\u00eda.<br \/>\nTapas: De su generoso listado prob\u00e9 el rico caz\u00f3n en un perfecto adobo. Un buen queso. Unas tentadoras l\u00e1minas de tocino ib\u00e9rico, cortadas muy finas y unos ricos calamares tambi\u00e9n bien fritos<\/p>\n<p>&nbsp;<\/p>\n<p>&nbsp;<\/p>\n<!-- AddThis Advanced Settings generic via filter on the_content --><!-- AddThis Share Buttons generic via filter on the_content -->","protected":false},"excerpt":{"rendered":"<p>Vuelvo a Otura a ver a mi amigo Pepe de Talleres Guerrero y me lleva un bonito local. Los tonos azul a\u00f1il y la limpieza del establecimiento ya dan una buena pista. Su propietario, Juan Manuel Anguita, dirige con acierto y amabilidad este bar cafeter\u00eda que comienza con buenos desayunos con tostadas variadas. Dispone de [&hellip;]<!-- AddThis Advanced Settings generic via filter on get_the_excerpt --><!-- AddThis Share Buttons generic via filter on get_the_excerpt --><\/p>\n","protected":false},"author":5,"featured_media":0,"comment_status":"open","ping_status":"closed","sticky":false,"template":"","format":"standard","meta":[],"categories":[3],"tags":[],"_links":{"self":[{"href":"https:\/\/blogs.ideal.es\/cocina\/wp-json\/wp\/v2\/posts\/767"}],"collection":[{"href":"https:\/\/blogs.ideal.es\/cocina\/wp-json\/wp\/v2\/posts"}],"about":[{"href":"https:\/\/blogs.ideal.es\/cocina\/wp-json\/wp\/v2\/types\/post"}],"author":[{"embeddable":true,"href":"https:\/\/blogs.ideal.es\/cocina\/wp-json\/wp\/v2\/users\/5"}],"replies":[{"embeddable":true,"href":"https:\/\/blogs.ideal.es\/cocina\/wp-json\/wp\/v2\/comments?post=767"}],"version-history":[{"count":0,"href":"https:\/\/blogs.ideal.es\/cocina\/wp-json\/wp\/v2\/posts\/767\/revisions"}],"wp:attachment":[{"href":"https:\/\/blogs.ideal.es\/cocina\/wp-json\/wp\/v2\/media?parent=767"}],"wp:term":[{"taxonomy":"category","embeddable":true,"href":"https:\/\/blogs.ideal.es\/cocina\/wp-json\/wp\/v2\/categories?post=767"},{"taxonomy":"post_tag","embeddable":true,"href":"https:\/\/blogs.ideal.es\/cocina\/wp-json\/wp\/v2\/tags?post=767"}],"curies":[{"name":"wp","href":"https:\/\/api.w.org\/{rel}","templated":true}]}}