{"id":773,"date":"2012-12-17T18:27:46","date_gmt":"2012-12-17T17:27:46","guid":{"rendered":"http:\/\/blogs.ideal.es\/cocina\/?p=773"},"modified":"2012-12-17T18:27:46","modified_gmt":"2012-12-17T17:27:46","slug":"baron-de-ley-graciano","status":"publish","type":"post","link":"https:\/\/blogs.ideal.es\/cocina\/2012\/12\/17\/baron-de-ley-graciano\/","title":{"rendered":"Bar\u00f3n de Ley Graciano"},"content":{"rendered":"<p><a href=\"\/cocina\/wp-content\/uploads\/sites\/9\/2012\/12\/191212.jpg\"><img loading=\"lazy\" class=\"aligncenter size-medium wp-image-774\" title=\"191212\" src=\"\/cocina\/wp-content\/uploads\/sites\/9\/2012\/12\/191212-89x300.jpg\" alt=\"\" width=\"89\" height=\"300\" srcset=\"https:\/\/static-blogs.ideal.es\/wp-content\/uploads\/sites\/9\/2012\/12\/191212-89x300.jpg 89w, https:\/\/static-blogs.ideal.es\/wp-content\/uploads\/sites\/9\/2012\/12\/191212-768x2582.jpg 768w, https:\/\/static-blogs.ideal.es\/wp-content\/uploads\/sites\/9\/2012\/12\/191212-305x1024.jpg 305w, https:\/\/static-blogs.ideal.es\/wp-content\/uploads\/sites\/9\/2012\/12\/191212.jpg 1405w\" sizes=\"(max-width: 89px) 100vw, 89px\" \/><\/a><\/p>\n<p>En La Rioja estuvo a punto de desaparecer una variedad de uva. Se trata de la Graciano. Varietal de complejo cultivo y corta producci\u00f3n. Pero cuando se estudio, por bodegas como Bar\u00f3n de Ley, se descubri\u00f3 sus cualidades de crianza y evoluci\u00f3n en su envejecimiento de forma muy positiva. Ahora podemos catar este tipo de uva de forma individual y quedarnos con su memoria sensorial. Un gran vino a disfrutar<\/p>\n<p>&nbsp;<\/p>\n<p>&nbsp;<\/p>\n<!-- AddThis Advanced Settings generic via filter on the_content --><!-- AddThis Share Buttons generic via filter on the_content -->","protected":false},"excerpt":{"rendered":"<p>En La Rioja estuvo a punto de desaparecer una variedad de uva. Se trata de la Graciano. Varietal de complejo cultivo y corta producci\u00f3n. Pero cuando se estudio, por bodegas como Bar\u00f3n de Ley, se descubri\u00f3 sus cualidades de crianza y evoluci\u00f3n en su envejecimiento de forma muy positiva. Ahora podemos catar este tipo de [&hellip;]<!-- AddThis Advanced Settings generic via filter on get_the_excerpt --><!-- AddThis Share Buttons generic via filter on get_the_excerpt --><\/p>\n","protected":false},"author":5,"featured_media":0,"comment_status":"open","ping_status":"closed","sticky":false,"template":"","format":"standard","meta":[],"categories":[8],"tags":[],"_links":{"self":[{"href":"https:\/\/blogs.ideal.es\/cocina\/wp-json\/wp\/v2\/posts\/773"}],"collection":[{"href":"https:\/\/blogs.ideal.es\/cocina\/wp-json\/wp\/v2\/posts"}],"about":[{"href":"https:\/\/blogs.ideal.es\/cocina\/wp-json\/wp\/v2\/types\/post"}],"author":[{"embeddable":true,"href":"https:\/\/blogs.ideal.es\/cocina\/wp-json\/wp\/v2\/users\/5"}],"replies":[{"embeddable":true,"href":"https:\/\/blogs.ideal.es\/cocina\/wp-json\/wp\/v2\/comments?post=773"}],"version-history":[{"count":0,"href":"https:\/\/blogs.ideal.es\/cocina\/wp-json\/wp\/v2\/posts\/773\/revisions"}],"wp:attachment":[{"href":"https:\/\/blogs.ideal.es\/cocina\/wp-json\/wp\/v2\/media?parent=773"}],"wp:term":[{"taxonomy":"category","embeddable":true,"href":"https:\/\/blogs.ideal.es\/cocina\/wp-json\/wp\/v2\/categories?post=773"},{"taxonomy":"post_tag","embeddable":true,"href":"https:\/\/blogs.ideal.es\/cocina\/wp-json\/wp\/v2\/tags?post=773"}],"curies":[{"name":"wp","href":"https:\/\/api.w.org\/{rel}","templated":true}]}}