{"id":777,"date":"2012-12-21T21:44:14","date_gmt":"2012-12-21T20:44:14","guid":{"rendered":"http:\/\/blogs.ideal.es\/cocina\/?p=777"},"modified":"2012-12-21T21:44:14","modified_gmt":"2012-12-21T20:44:14","slug":"matahermosa-brut-nature-de-jaen","status":"publish","type":"post","link":"https:\/\/blogs.ideal.es\/cocina\/2012\/12\/21\/matahermosa-brut-nature-de-jaen\/","title":{"rendered":"Matahermosa, brut nature de Ja\u00e9n"},"content":{"rendered":"<p><a href=\"\/cocina\/wp-content\/uploads\/sites\/9\/2012\/12\/171212.jpg\"><img loading=\"lazy\" class=\"aligncenter size-medium wp-image-778\" title=\"171212\" src=\"\/cocina\/wp-content\/uploads\/sites\/9\/2012\/12\/171212-196x300.jpg\" alt=\"\" width=\"196\" height=\"300\" \/><\/a><\/p>\n<p>Seguro que en estas fechas le gusta tomar vinos espumosos. Y por eso les cuento de este interesantisimo vino elaborado en el pueblo de Frailes de Ja\u00e9n, por una excelente en\u00f3loga y guapa mujer: Virginia Bosquet. Lo hace sacando partido a la uva de la tierra; la Ja\u00e9n blanca con un coupage de Chardonnay. El resultado es muy bueno y el precio soberbio: 3,10 la botella. Busque Bodega Campoameno y disfrutar<\/p>\n<!-- AddThis Advanced Settings generic via filter on the_content --><!-- AddThis Share Buttons generic via filter on the_content -->","protected":false},"excerpt":{"rendered":"<p>Seguro que en estas fechas le gusta tomar vinos espumosos. Y por eso les cuento de este interesantisimo vino elaborado en el pueblo de Frailes de Ja\u00e9n, por una excelente en\u00f3loga y guapa mujer: Virginia Bosquet. Lo hace sacando partido a la uva de la tierra; la Ja\u00e9n blanca con un coupage de Chardonnay. El [&hellip;]<!-- AddThis Advanced Settings generic via filter on get_the_excerpt --><!-- AddThis Share Buttons generic via filter on get_the_excerpt --><\/p>\n","protected":false},"author":5,"featured_media":0,"comment_status":"open","ping_status":"closed","sticky":false,"template":"","format":"standard","meta":[],"categories":[8],"tags":[],"_links":{"self":[{"href":"https:\/\/blogs.ideal.es\/cocina\/wp-json\/wp\/v2\/posts\/777"}],"collection":[{"href":"https:\/\/blogs.ideal.es\/cocina\/wp-json\/wp\/v2\/posts"}],"about":[{"href":"https:\/\/blogs.ideal.es\/cocina\/wp-json\/wp\/v2\/types\/post"}],"author":[{"embeddable":true,"href":"https:\/\/blogs.ideal.es\/cocina\/wp-json\/wp\/v2\/users\/5"}],"replies":[{"embeddable":true,"href":"https:\/\/blogs.ideal.es\/cocina\/wp-json\/wp\/v2\/comments?post=777"}],"version-history":[{"count":0,"href":"https:\/\/blogs.ideal.es\/cocina\/wp-json\/wp\/v2\/posts\/777\/revisions"}],"wp:attachment":[{"href":"https:\/\/blogs.ideal.es\/cocina\/wp-json\/wp\/v2\/media?parent=777"}],"wp:term":[{"taxonomy":"category","embeddable":true,"href":"https:\/\/blogs.ideal.es\/cocina\/wp-json\/wp\/v2\/categories?post=777"},{"taxonomy":"post_tag","embeddable":true,"href":"https:\/\/blogs.ideal.es\/cocina\/wp-json\/wp\/v2\/tags?post=777"}],"curies":[{"name":"wp","href":"https:\/\/api.w.org\/{rel}","templated":true}]}}