{"id":779,"date":"2012-12-22T13:34:26","date_gmt":"2012-12-22T12:34:26","guid":{"rendered":"http:\/\/blogs.ideal.es\/cocina\/?p=779"},"modified":"2012-12-22T13:34:26","modified_gmt":"2012-12-22T12:34:26","slug":"roscos-de-anis-de-lopez-mezquita","status":"publish","type":"post","link":"https:\/\/blogs.ideal.es\/cocina\/2012\/12\/22\/roscos-de-anis-de-lopez-mezquita\/","title":{"rendered":"Roscos de an\u00eds de L\u00f3pez Mezquita"},"content":{"rendered":"<p><a href=\"\/cocina\/wp-content\/uploads\/sites\/9\/2012\/12\/1912121.jpg\"><img loading=\"lazy\" class=\"aligncenter size-medium wp-image-780\" title=\"191212\" src=\"\/cocina\/wp-content\/uploads\/sites\/9\/2012\/12\/1912121-273x300.jpg\" alt=\"\" width=\"273\" height=\"300\" \/><\/a><\/p>\n<p>Ya saben lo apasionante que es la historia de la gastronom\u00eda. Y descubro en un recetario hebreo que tambi\u00e9n tienen la receta de este tipo de dulce. Y de las confiter\u00edas que lo hace en su justo punto de dulzor y textura, sin duda, y de los que yo conozco, los que hace el obrador de la Confiter\u00eda L\u00f3pez Mezquita de Granada, est\u00e1n s\u00faper logrados. Con el az\u00facar justo y sobre todo con ese toque de aroma y sabor de la Navidad<\/p>\n<p>&nbsp;<\/p>\n<p>&nbsp;<\/p>\n<!-- AddThis Advanced Settings generic via filter on the_content --><!-- AddThis Share Buttons generic via filter on the_content -->","protected":false},"excerpt":{"rendered":"<p>Ya saben lo apasionante que es la historia de la gastronom\u00eda. Y descubro en un recetario hebreo que tambi\u00e9n tienen la receta de este tipo de dulce. Y de las confiter\u00edas que lo hace en su justo punto de dulzor y textura, sin duda, y de los que yo conozco, los que hace el obrador [&hellip;]<!-- AddThis Advanced Settings generic via filter on get_the_excerpt --><!-- AddThis Share Buttons generic via filter on get_the_excerpt --><\/p>\n","protected":false},"author":5,"featured_media":0,"comment_status":"open","ping_status":"closed","sticky":false,"template":"","format":"standard","meta":[],"categories":[3],"tags":[],"_links":{"self":[{"href":"https:\/\/blogs.ideal.es\/cocina\/wp-json\/wp\/v2\/posts\/779"}],"collection":[{"href":"https:\/\/blogs.ideal.es\/cocina\/wp-json\/wp\/v2\/posts"}],"about":[{"href":"https:\/\/blogs.ideal.es\/cocina\/wp-json\/wp\/v2\/types\/post"}],"author":[{"embeddable":true,"href":"https:\/\/blogs.ideal.es\/cocina\/wp-json\/wp\/v2\/users\/5"}],"replies":[{"embeddable":true,"href":"https:\/\/blogs.ideal.es\/cocina\/wp-json\/wp\/v2\/comments?post=779"}],"version-history":[{"count":0,"href":"https:\/\/blogs.ideal.es\/cocina\/wp-json\/wp\/v2\/posts\/779\/revisions"}],"wp:attachment":[{"href":"https:\/\/blogs.ideal.es\/cocina\/wp-json\/wp\/v2\/media?parent=779"}],"wp:term":[{"taxonomy":"category","embeddable":true,"href":"https:\/\/blogs.ideal.es\/cocina\/wp-json\/wp\/v2\/categories?post=779"},{"taxonomy":"post_tag","embeddable":true,"href":"https:\/\/blogs.ideal.es\/cocina\/wp-json\/wp\/v2\/tags?post=779"}],"curies":[{"name":"wp","href":"https:\/\/api.w.org\/{rel}","templated":true}]}}