{"id":782,"date":"2012-12-25T20:36:20","date_gmt":"2012-12-25T19:36:20","guid":{"rendered":"http:\/\/blogs.ideal.es\/cocina\/?p=782"},"modified":"2012-12-25T20:36:20","modified_gmt":"2012-12-25T19:36:20","slug":"guia-proensa-o-su-independencia","status":"publish","type":"post","link":"https:\/\/blogs.ideal.es\/cocina\/2012\/12\/25\/guia-proensa-o-su-independencia\/","title":{"rendered":"Gu\u00eda Proensa o su independencia"},"content":{"rendered":"<p><a href=\"\/cocina\/wp-content\/uploads\/sites\/9\/2012\/12\/2012121.jpg\"><img loading=\"lazy\" class=\"aligncenter size-medium wp-image-784\" title=\"201212\" src=\"\/cocina\/wp-content\/uploads\/sites\/9\/2012\/12\/2012121-170x300.jpg\" alt=\"\" width=\"170\" height=\"300\" srcset=\"https:\/\/static-blogs.ideal.es\/wp-content\/uploads\/sites\/9\/2012\/12\/2012121-170x300.jpg 170w, https:\/\/static-blogs.ideal.es\/wp-content\/uploads\/sites\/9\/2012\/12\/2012121-582x1024.jpg 582w, https:\/\/static-blogs.ideal.es\/wp-content\/uploads\/sites\/9\/2012\/12\/2012121.jpg 738w\" sizes=\"(max-width: 170px) 100vw, 170px\" \/><\/a><\/p>\n<p>La independencia y su objetividad le ha costado al autor algunos malos tragos. Pero Andr\u00e9s Proensa es un luchador. Cre\u00f3 la primera gu\u00eda de vinos de Espa\u00f1a, y pasa el a\u00f1o entero viajando por todo el pa\u00eds. Me consta, porque estuve catando con el hace una semana, que conoce los vinos de Granada, Almer\u00eda y de Ja\u00e9n. Pero en la Gu\u00eda 2013 no he visto recomendado ning\u00fan vino de estas provincias. No se porque, y a \u00a0que se deber\u00e1<\/p>\n<!-- AddThis Advanced Settings generic via filter on the_content --><!-- AddThis Share Buttons generic via filter on the_content -->","protected":false},"excerpt":{"rendered":"<p>La independencia y su objetividad le ha costado al autor algunos malos tragos. Pero Andr\u00e9s Proensa es un luchador. Cre\u00f3 la primera gu\u00eda de vinos de Espa\u00f1a, y pasa el a\u00f1o entero viajando por todo el pa\u00eds. Me consta, porque estuve catando con el hace una semana, que conoce los vinos de Granada, Almer\u00eda y [&hellip;]<!-- AddThis Advanced Settings generic via filter on get_the_excerpt --><!-- AddThis Share Buttons generic via filter on get_the_excerpt --><\/p>\n","protected":false},"author":5,"featured_media":0,"comment_status":"open","ping_status":"closed","sticky":false,"template":"","format":"standard","meta":[],"categories":[8],"tags":[],"_links":{"self":[{"href":"https:\/\/blogs.ideal.es\/cocina\/wp-json\/wp\/v2\/posts\/782"}],"collection":[{"href":"https:\/\/blogs.ideal.es\/cocina\/wp-json\/wp\/v2\/posts"}],"about":[{"href":"https:\/\/blogs.ideal.es\/cocina\/wp-json\/wp\/v2\/types\/post"}],"author":[{"embeddable":true,"href":"https:\/\/blogs.ideal.es\/cocina\/wp-json\/wp\/v2\/users\/5"}],"replies":[{"embeddable":true,"href":"https:\/\/blogs.ideal.es\/cocina\/wp-json\/wp\/v2\/comments?post=782"}],"version-history":[{"count":0,"href":"https:\/\/blogs.ideal.es\/cocina\/wp-json\/wp\/v2\/posts\/782\/revisions"}],"wp:attachment":[{"href":"https:\/\/blogs.ideal.es\/cocina\/wp-json\/wp\/v2\/media?parent=782"}],"wp:term":[{"taxonomy":"category","embeddable":true,"href":"https:\/\/blogs.ideal.es\/cocina\/wp-json\/wp\/v2\/categories?post=782"},{"taxonomy":"post_tag","embeddable":true,"href":"https:\/\/blogs.ideal.es\/cocina\/wp-json\/wp\/v2\/tags?post=782"}],"curies":[{"name":"wp","href":"https:\/\/api.w.org\/{rel}","templated":true}]}}