{"id":788,"date":"2012-12-26T19:53:57","date_gmt":"2012-12-26T18:53:57","guid":{"rendered":"http:\/\/blogs.ideal.es\/cocina\/?p=788"},"modified":"2012-12-26T19:53:57","modified_gmt":"2012-12-26T18:53:57","slug":"cafe-aguayo-de-la-tierra-y-con-variedades","status":"publish","type":"post","link":"https:\/\/blogs.ideal.es\/cocina\/2012\/12\/26\/cafe-aguayo-de-la-tierra-y-con-variedades\/","title":{"rendered":"Caf\u00e9 Aguayo, de la tierra y con variedades"},"content":{"rendered":"<p><a href=\"\/cocina\/wp-content\/uploads\/sites\/9\/2012\/12\/221212.jpg\"><img loading=\"lazy\" class=\"aligncenter size-medium wp-image-789\" title=\"221212\" src=\"\/cocina\/wp-content\/uploads\/sites\/9\/2012\/12\/221212-178x300.jpg\" alt=\"\" width=\"178\" height=\"300\" \/><\/a><\/p>\n<p>Manuel P\u00e9rez, director comercial y yerno del fundador, le agrada comentar que: &#8221; el secreto de esta marca est\u00e1 en mantener la tradici\u00f3n de cuarenta a\u00f1os y competir en calidad y precio para lo que utilizamos la mejor materia prima&#8221;. Y ciertamente su gamas de caf\u00e9s son muy reputados. Dispone de unas capsulas para cafetera, con sabores, entre otros: ar\u00e1bica Summum, Ar\u00e1bica suave o descafeinado.<\/p>\n<!-- AddThis Advanced Settings generic via filter on the_content --><!-- AddThis Share Buttons generic via filter on the_content -->","protected":false},"excerpt":{"rendered":"<p>Manuel P\u00e9rez, director comercial y yerno del fundador, le agrada comentar que: &#8221; el secreto de esta marca est\u00e1 en mantener la tradici\u00f3n de cuarenta a\u00f1os y competir en calidad y precio para lo que utilizamos la mejor materia prima&#8221;. Y ciertamente su gamas de caf\u00e9s son muy reputados. Dispone de unas capsulas para cafetera, [&hellip;]<!-- AddThis Advanced Settings generic via filter on get_the_excerpt --><!-- AddThis Share Buttons generic via filter on get_the_excerpt --><\/p>\n","protected":false},"author":5,"featured_media":0,"comment_status":"open","ping_status":"closed","sticky":false,"template":"","format":"standard","meta":[],"categories":[3],"tags":[],"_links":{"self":[{"href":"https:\/\/blogs.ideal.es\/cocina\/wp-json\/wp\/v2\/posts\/788"}],"collection":[{"href":"https:\/\/blogs.ideal.es\/cocina\/wp-json\/wp\/v2\/posts"}],"about":[{"href":"https:\/\/blogs.ideal.es\/cocina\/wp-json\/wp\/v2\/types\/post"}],"author":[{"embeddable":true,"href":"https:\/\/blogs.ideal.es\/cocina\/wp-json\/wp\/v2\/users\/5"}],"replies":[{"embeddable":true,"href":"https:\/\/blogs.ideal.es\/cocina\/wp-json\/wp\/v2\/comments?post=788"}],"version-history":[{"count":0,"href":"https:\/\/blogs.ideal.es\/cocina\/wp-json\/wp\/v2\/posts\/788\/revisions"}],"wp:attachment":[{"href":"https:\/\/blogs.ideal.es\/cocina\/wp-json\/wp\/v2\/media?parent=788"}],"wp:term":[{"taxonomy":"category","embeddable":true,"href":"https:\/\/blogs.ideal.es\/cocina\/wp-json\/wp\/v2\/categories?post=788"},{"taxonomy":"post_tag","embeddable":true,"href":"https:\/\/blogs.ideal.es\/cocina\/wp-json\/wp\/v2\/tags?post=788"}],"curies":[{"name":"wp","href":"https:\/\/api.w.org\/{rel}","templated":true}]}}