{"id":800,"date":"2013-01-08T20:33:18","date_gmt":"2013-01-08T19:33:18","guid":{"rendered":"http:\/\/blogs.ideal.es\/cocina\/?p=800"},"modified":"2013-01-08T20:33:18","modified_gmt":"2013-01-08T19:33:18","slug":"aliviadores-y-entonadores-calabacines","status":"publish","type":"post","link":"https:\/\/blogs.ideal.es\/cocina\/2013\/01\/08\/aliviadores-y-entonadores-calabacines\/","title":{"rendered":"Aliviadores y entonadores calabacines"},"content":{"rendered":"<p><a href=\"\/cocina\/wp-content\/uploads\/sites\/9\/2013\/01\/020113.jpg\"><img loading=\"lazy\" class=\"aligncenter size-full wp-image-801\" title=\"020113\" src=\"\/cocina\/wp-content\/uploads\/sites\/9\/2013\/01\/020113.jpg\" alt=\"\" width=\"183\" height=\"275\" \/><\/a><\/p>\n<p>Tras el trasiego que le hemos dado al cuerpo es recomendable tomar algunas verduras. Y que mejor la que se produce en Almer\u00eda, durante casi todo el a\u00f1o. El calabac\u00edn es una de las hortalizas con menos contenido cal\u00f3rico. Contiene un 96,5 % de agua y minerales como el potasio y calcio. Espa\u00f1a produce unas 350.000 toneladas de calabac\u00edn y hasta sus flores son comestibles. Muy rico a la brasa con sal<\/p>\n<p>&nbsp;<\/p>\n<p>&nbsp;<\/p>\n<!-- AddThis Advanced Settings generic via filter on the_content --><!-- AddThis Share Buttons generic via filter on the_content -->","protected":false},"excerpt":{"rendered":"<p>Tras el trasiego que le hemos dado al cuerpo es recomendable tomar algunas verduras. Y que mejor la que se produce en Almer\u00eda, durante casi todo el a\u00f1o. El calabac\u00edn es una de las hortalizas con menos contenido cal\u00f3rico. Contiene un 96,5 % de agua y minerales como el potasio y calcio. Espa\u00f1a produce unas [&hellip;]<!-- AddThis Advanced Settings generic via filter on get_the_excerpt --><!-- AddThis Share Buttons generic via filter on get_the_excerpt --><\/p>\n","protected":false},"author":5,"featured_media":0,"comment_status":"open","ping_status":"closed","sticky":false,"template":"","format":"standard","meta":[],"categories":[8],"tags":[],"_links":{"self":[{"href":"https:\/\/blogs.ideal.es\/cocina\/wp-json\/wp\/v2\/posts\/800"}],"collection":[{"href":"https:\/\/blogs.ideal.es\/cocina\/wp-json\/wp\/v2\/posts"}],"about":[{"href":"https:\/\/blogs.ideal.es\/cocina\/wp-json\/wp\/v2\/types\/post"}],"author":[{"embeddable":true,"href":"https:\/\/blogs.ideal.es\/cocina\/wp-json\/wp\/v2\/users\/5"}],"replies":[{"embeddable":true,"href":"https:\/\/blogs.ideal.es\/cocina\/wp-json\/wp\/v2\/comments?post=800"}],"version-history":[{"count":0,"href":"https:\/\/blogs.ideal.es\/cocina\/wp-json\/wp\/v2\/posts\/800\/revisions"}],"wp:attachment":[{"href":"https:\/\/blogs.ideal.es\/cocina\/wp-json\/wp\/v2\/media?parent=800"}],"wp:term":[{"taxonomy":"category","embeddable":true,"href":"https:\/\/blogs.ideal.es\/cocina\/wp-json\/wp\/v2\/categories?post=800"},{"taxonomy":"post_tag","embeddable":true,"href":"https:\/\/blogs.ideal.es\/cocina\/wp-json\/wp\/v2\/tags?post=800"}],"curies":[{"name":"wp","href":"https:\/\/api.w.org\/{rel}","templated":true}]}}