{"id":809,"date":"2013-01-11T16:51:04","date_gmt":"2013-01-11T15:51:04","guid":{"rendered":"http:\/\/blogs.ideal.es\/cocina\/?p=809"},"modified":"2013-01-11T16:51:04","modified_gmt":"2013-01-11T15:51:04","slug":"lo-mejor-de-viana-aceite-de-oliva-virgen-extra","status":"publish","type":"post","link":"https:\/\/blogs.ideal.es\/cocina\/2013\/01\/11\/lo-mejor-de-viana-aceite-de-oliva-virgen-extra\/","title":{"rendered":"Lo mejor de Viana; aceite de oliva virgen extra"},"content":{"rendered":"<p><a href=\"\/cocina\/wp-content\/uploads\/sites\/9\/2013\/01\/050113lo_mejor_de_viana_750cl.jpg\"><img loading=\"lazy\" class=\"aligncenter size-medium wp-image-810\" title=\"050113lo_mejor_de_viana_750cl\" src=\"\/cocina\/wp-content\/uploads\/sites\/9\/2013\/01\/050113lo_mejor_de_viana_750cl-300x255.jpg\" alt=\"\" width=\"300\" height=\"255\" \/><\/a><\/p>\n<p>Mi querido amigo Juanito de Baeza no solo ense\u00f1\u00f3 a trabajar a su familia con el mejor aceite de oliva. Adem\u00e1s se convirti\u00f3 en olivarero, elaborando uno de los mejores aceites de oliva de Espa\u00f1a. Y ahora sus hijos, que contin\u00faan con su excelso restaurante en la bonita ciudad jienense, sacan ya la cosecha del 2012. Este aceite es una selecci\u00f3n del fruto, separando la aceituna del \u00e1rbol \/ suelo, utilizando solo la del \u00e1rbol.<\/p>\n<p>&nbsp;<\/p>\n<!-- AddThis Advanced Settings generic via filter on the_content --><!-- AddThis Share Buttons generic via filter on the_content -->","protected":false},"excerpt":{"rendered":"<p>Mi querido amigo Juanito de Baeza no solo ense\u00f1\u00f3 a trabajar a su familia con el mejor aceite de oliva. Adem\u00e1s se convirti\u00f3 en olivarero, elaborando uno de los mejores aceites de oliva de Espa\u00f1a. Y ahora sus hijos, que contin\u00faan con su excelso restaurante en la bonita ciudad jienense, sacan ya la cosecha del [&hellip;]<!-- AddThis Advanced Settings generic via filter on get_the_excerpt --><!-- AddThis Share Buttons generic via filter on get_the_excerpt --><\/p>\n","protected":false},"author":5,"featured_media":0,"comment_status":"open","ping_status":"closed","sticky":false,"template":"","format":"standard","meta":[],"categories":[4],"tags":[],"_links":{"self":[{"href":"https:\/\/blogs.ideal.es\/cocina\/wp-json\/wp\/v2\/posts\/809"}],"collection":[{"href":"https:\/\/blogs.ideal.es\/cocina\/wp-json\/wp\/v2\/posts"}],"about":[{"href":"https:\/\/blogs.ideal.es\/cocina\/wp-json\/wp\/v2\/types\/post"}],"author":[{"embeddable":true,"href":"https:\/\/blogs.ideal.es\/cocina\/wp-json\/wp\/v2\/users\/5"}],"replies":[{"embeddable":true,"href":"https:\/\/blogs.ideal.es\/cocina\/wp-json\/wp\/v2\/comments?post=809"}],"version-history":[{"count":0,"href":"https:\/\/blogs.ideal.es\/cocina\/wp-json\/wp\/v2\/posts\/809\/revisions"}],"wp:attachment":[{"href":"https:\/\/blogs.ideal.es\/cocina\/wp-json\/wp\/v2\/media?parent=809"}],"wp:term":[{"taxonomy":"category","embeddable":true,"href":"https:\/\/blogs.ideal.es\/cocina\/wp-json\/wp\/v2\/categories?post=809"},{"taxonomy":"post_tag","embeddable":true,"href":"https:\/\/blogs.ideal.es\/cocina\/wp-json\/wp\/v2\/tags?post=809"}],"curies":[{"name":"wp","href":"https:\/\/api.w.org\/{rel}","templated":true}]}}