{"id":820,"date":"2013-01-16T19:21:09","date_gmt":"2013-01-16T18:21:09","guid":{"rendered":"http:\/\/blogs.ideal.es\/cocina\/?p=820"},"modified":"2013-01-16T19:21:09","modified_gmt":"2013-01-16T18:21:09","slug":"los-pestinos-de-conchita-en-velez-benaudalla","status":"publish","type":"post","link":"https:\/\/blogs.ideal.es\/cocina\/2013\/01\/16\/los-pestinos-de-conchita-en-velez-benaudalla\/","title":{"rendered":"Los pesti\u00f1os de Conchita en V\u00e9lez Benaudalla"},"content":{"rendered":"<p><a href=\"\/cocina\/wp-content\/uploads\/sites\/9\/2013\/01\/100113.jpg\"><img loading=\"lazy\" class=\"aligncenter size-medium wp-image-821\" title=\"100113\" src=\"\/cocina\/wp-content\/uploads\/sites\/9\/2013\/01\/100113-112x300.jpg\" alt=\"\" width=\"112\" height=\"300\" srcset=\"https:\/\/static-blogs.ideal.es\/wp-content\/uploads\/sites\/9\/2013\/01\/100113-112x300.jpg 112w, https:\/\/static-blogs.ideal.es\/wp-content\/uploads\/sites\/9\/2013\/01\/100113.jpg 374w\" sizes=\"(max-width: 112px) 100vw, 112px\" \/><\/a><\/p>\n<p>Ahora, con la autov\u00eda, es a\u00fan m\u00e1s c\u00f3modo recalar en V\u00e9lez Benaudalla. Y en la calle principal se encuentra la confiter\u00eda Conchita. En su moderno local, tiene a la vista el obrador, donde las manos femeninas se afanan en preparar variados dulces. Y entre ellos los famosos pesti\u00f1os moriscos del pueblo. Sus roscos y pesti\u00f1os se hacen con la receta t\u00edpica del pueblo. Tambi\u00e9n tienen perrunas, pan y mini roscos de canela.<\/p>\n<p align=\"center\">\n<!-- AddThis Advanced Settings generic via filter on the_content --><!-- AddThis Share Buttons generic via filter on the_content -->","protected":false},"excerpt":{"rendered":"<p>Ahora, con la autov\u00eda, es a\u00fan m\u00e1s c\u00f3modo recalar en V\u00e9lez Benaudalla. Y en la calle principal se encuentra la confiter\u00eda Conchita. En su moderno local, tiene a la vista el obrador, donde las manos femeninas se afanan en preparar variados dulces. Y entre ellos los famosos pesti\u00f1os moriscos del pueblo. Sus roscos y pesti\u00f1os [&hellip;]<!-- AddThis Advanced Settings generic via filter on get_the_excerpt --><!-- AddThis Share Buttons generic via filter on get_the_excerpt --><\/p>\n","protected":false},"author":5,"featured_media":0,"comment_status":"open","ping_status":"closed","sticky":false,"template":"","format":"standard","meta":[],"categories":[8],"tags":[],"_links":{"self":[{"href":"https:\/\/blogs.ideal.es\/cocina\/wp-json\/wp\/v2\/posts\/820"}],"collection":[{"href":"https:\/\/blogs.ideal.es\/cocina\/wp-json\/wp\/v2\/posts"}],"about":[{"href":"https:\/\/blogs.ideal.es\/cocina\/wp-json\/wp\/v2\/types\/post"}],"author":[{"embeddable":true,"href":"https:\/\/blogs.ideal.es\/cocina\/wp-json\/wp\/v2\/users\/5"}],"replies":[{"embeddable":true,"href":"https:\/\/blogs.ideal.es\/cocina\/wp-json\/wp\/v2\/comments?post=820"}],"version-history":[{"count":0,"href":"https:\/\/blogs.ideal.es\/cocina\/wp-json\/wp\/v2\/posts\/820\/revisions"}],"wp:attachment":[{"href":"https:\/\/blogs.ideal.es\/cocina\/wp-json\/wp\/v2\/media?parent=820"}],"wp:term":[{"taxonomy":"category","embeddable":true,"href":"https:\/\/blogs.ideal.es\/cocina\/wp-json\/wp\/v2\/categories?post=820"},{"taxonomy":"post_tag","embeddable":true,"href":"https:\/\/blogs.ideal.es\/cocina\/wp-json\/wp\/v2\/tags?post=820"}],"curies":[{"name":"wp","href":"https:\/\/api.w.org\/{rel}","templated":true}]}}