{"id":826,"date":"2013-01-17T12:01:24","date_gmt":"2013-01-17T11:01:24","guid":{"rendered":"http:\/\/blogs.ideal.es\/cocina\/?p=826"},"modified":"2013-01-17T12:01:24","modified_gmt":"2013-01-17T11:01:24","slug":"naranjas-lola-del-arbol-a-la-mesa-en-24-horas","status":"publish","type":"post","link":"https:\/\/blogs.ideal.es\/cocina\/2013\/01\/17\/naranjas-lola-del-arbol-a-la-mesa-en-24-horas\/","title":{"rendered":"Naranjas Lola, del \u00e1rbol a la mesa en 24 horas"},"content":{"rendered":"<p><a href=\"\/cocina\/wp-content\/uploads\/sites\/9\/2013\/01\/120113.jpg\"><img loading=\"lazy\" class=\"aligncenter size-medium wp-image-827\" title=\"120113\" src=\"\/cocina\/wp-content\/uploads\/sites\/9\/2013\/01\/120113-108x300.jpg\" alt=\"\" width=\"108\" height=\"300\" \/><\/a><\/p>\n<p>En Andaluc\u00eda hay muy buenas naranjas. Pero la ventaja que tiene Naranjas Lola de Cullera, es que las ponen en casa, del \u00e1rbol a la mesa en 24 horas. Los mejores cocineros de Espa\u00f1a las usan: Can Roca, El Rac\u00f3 de Santi Santamar\u00eda, Mart\u00edn Berasategui, el antiguo Bulli, Mugaritz y muchos m\u00e1s. La familia de Naranjas Lola han sido pioneros en la venta on-line, bien de precio y tambi\u00e9n al tel\u00e9fono 961 720 067<\/p>\n<!-- AddThis Advanced Settings generic via filter on the_content --><!-- AddThis Share Buttons generic via filter on the_content -->","protected":false},"excerpt":{"rendered":"<p>En Andaluc\u00eda hay muy buenas naranjas. Pero la ventaja que tiene Naranjas Lola de Cullera, es que las ponen en casa, del \u00e1rbol a la mesa en 24 horas. Los mejores cocineros de Espa\u00f1a las usan: Can Roca, El Rac\u00f3 de Santi Santamar\u00eda, Mart\u00edn Berasategui, el antiguo Bulli, Mugaritz y muchos m\u00e1s. La familia de [&hellip;]<!-- AddThis Advanced Settings generic via filter on get_the_excerpt --><!-- AddThis Share Buttons generic via filter on get_the_excerpt --><\/p>\n","protected":false},"author":5,"featured_media":0,"comment_status":"open","ping_status":"closed","sticky":false,"template":"","format":"standard","meta":[],"categories":[4,8,12],"tags":[],"_links":{"self":[{"href":"https:\/\/blogs.ideal.es\/cocina\/wp-json\/wp\/v2\/posts\/826"}],"collection":[{"href":"https:\/\/blogs.ideal.es\/cocina\/wp-json\/wp\/v2\/posts"}],"about":[{"href":"https:\/\/blogs.ideal.es\/cocina\/wp-json\/wp\/v2\/types\/post"}],"author":[{"embeddable":true,"href":"https:\/\/blogs.ideal.es\/cocina\/wp-json\/wp\/v2\/users\/5"}],"replies":[{"embeddable":true,"href":"https:\/\/blogs.ideal.es\/cocina\/wp-json\/wp\/v2\/comments?post=826"}],"version-history":[{"count":0,"href":"https:\/\/blogs.ideal.es\/cocina\/wp-json\/wp\/v2\/posts\/826\/revisions"}],"wp:attachment":[{"href":"https:\/\/blogs.ideal.es\/cocina\/wp-json\/wp\/v2\/media?parent=826"}],"wp:term":[{"taxonomy":"category","embeddable":true,"href":"https:\/\/blogs.ideal.es\/cocina\/wp-json\/wp\/v2\/categories?post=826"},{"taxonomy":"post_tag","embeddable":true,"href":"https:\/\/blogs.ideal.es\/cocina\/wp-json\/wp\/v2\/tags?post=826"}],"curies":[{"name":"wp","href":"https:\/\/api.w.org\/{rel}","templated":true}]}}