{"id":831,"date":"2013-01-19T12:52:20","date_gmt":"2013-01-19T11:52:20","guid":{"rendered":"http:\/\/blogs.ideal.es\/cocina\/?p=831"},"modified":"2013-01-19T12:52:20","modified_gmt":"2013-01-19T11:52:20","slug":"se-acaba-el-tiempo-para-los-buenos-caquis","status":"publish","type":"post","link":"https:\/\/blogs.ideal.es\/cocina\/2013\/01\/19\/se-acaba-el-tiempo-para-los-buenos-caquis\/","title":{"rendered":"Se acaba el tiempo para los buenos caquis"},"content":{"rendered":"<p>Estamos en el mejor mes para tomar los caquis, esa fruta de oto\u00f1o que pasado enero ya no estar\u00e1 en su mejor momento. A esta fruta tambi\u00e9n se la conoce como palosanto, persimonio o zapote. Es originaria del lejano Oriente. Es recomendable tomar los caquis bien maduros, pues si no resultan muy astringentes. Su \u00edndice cal\u00f3rico es algo superior al de la media de las frutas debido a su aporte en az\u00facares. Tomar con medida<\/p>\n<!-- AddThis Advanced Settings generic via filter on the_content --><!-- AddThis Share Buttons generic via filter on the_content -->","protected":false},"excerpt":{"rendered":"<p>Estamos en el mejor mes para tomar los caquis, esa fruta de oto\u00f1o que pasado enero ya no estar\u00e1 en su mejor momento. A esta fruta tambi\u00e9n se la conoce como palosanto, persimonio o zapote. Es originaria del lejano Oriente. Es recomendable tomar los caquis bien maduros, pues si no resultan muy astringentes. Su \u00edndice [&hellip;]<!-- AddThis Advanced Settings generic via filter on get_the_excerpt --><!-- AddThis Share Buttons generic via filter on get_the_excerpt --><\/p>\n","protected":false},"author":5,"featured_media":0,"comment_status":"open","ping_status":"closed","sticky":false,"template":"","format":"standard","meta":[],"categories":[8],"tags":[],"_links":{"self":[{"href":"https:\/\/blogs.ideal.es\/cocina\/wp-json\/wp\/v2\/posts\/831"}],"collection":[{"href":"https:\/\/blogs.ideal.es\/cocina\/wp-json\/wp\/v2\/posts"}],"about":[{"href":"https:\/\/blogs.ideal.es\/cocina\/wp-json\/wp\/v2\/types\/post"}],"author":[{"embeddable":true,"href":"https:\/\/blogs.ideal.es\/cocina\/wp-json\/wp\/v2\/users\/5"}],"replies":[{"embeddable":true,"href":"https:\/\/blogs.ideal.es\/cocina\/wp-json\/wp\/v2\/comments?post=831"}],"version-history":[{"count":0,"href":"https:\/\/blogs.ideal.es\/cocina\/wp-json\/wp\/v2\/posts\/831\/revisions"}],"wp:attachment":[{"href":"https:\/\/blogs.ideal.es\/cocina\/wp-json\/wp\/v2\/media?parent=831"}],"wp:term":[{"taxonomy":"category","embeddable":true,"href":"https:\/\/blogs.ideal.es\/cocina\/wp-json\/wp\/v2\/categories?post=831"},{"taxonomy":"post_tag","embeddable":true,"href":"https:\/\/blogs.ideal.es\/cocina\/wp-json\/wp\/v2\/tags?post=831"}],"curies":[{"name":"wp","href":"https:\/\/api.w.org\/{rel}","templated":true}]}}