{"id":833,"date":"2013-01-19T20:07:02","date_gmt":"2013-01-19T19:07:02","guid":{"rendered":"http:\/\/blogs.ideal.es\/cocina\/?p=833"},"modified":"2013-01-19T20:07:02","modified_gmt":"2013-01-19T19:07:02","slug":"cordoba-gastronomica-de-almudena-villegas","status":"publish","type":"post","link":"https:\/\/blogs.ideal.es\/cocina\/2013\/01\/19\/cordoba-gastronomica-de-almudena-villegas\/","title":{"rendered":"C\u00f3rdoba gastron\u00f3mica de Almudena Villegas"},"content":{"rendered":"<p><a href=\"\/cocina\/wp-content\/uploads\/sites\/9\/2013\/01\/150113.jpg\"><img loading=\"lazy\" class=\"aligncenter size-medium wp-image-834\" title=\"150113\" src=\"\/cocina\/wp-content\/uploads\/sites\/9\/2013\/01\/150113-213x300.jpg\" alt=\"\" width=\"213\" height=\"300\" srcset=\"https:\/\/static-blogs.ideal.es\/wp-content\/uploads\/sites\/9\/2013\/01\/150113-213x300.jpg 213w, https:\/\/static-blogs.ideal.es\/wp-content\/uploads\/sites\/9\/2013\/01\/150113.jpg 711w\" sizes=\"(max-width: 213px) 100vw, 213px\" \/><\/a><\/p>\n<p>La obra es doblemente buena. Por un lado su esplendida edici\u00f3n y textos de Almudena. Por otra la que todos los beneficios van destinados a la fundaci\u00f3n Cultura Andaluza. Sus diferentes cap\u00edtulos desgranan, la cultura alimentaria, la historia de la gastronom\u00eda cordobesa, sus rutas gastron\u00f3micas, los vinos, aceites y otras delicias, y un amplio etc. Sin olvidar sus tabernas y restaurantes. No se lo pierdan, es una joya.<\/p>\n<!-- AddThis Advanced Settings generic via filter on the_content --><!-- AddThis Share Buttons generic via filter on the_content -->","protected":false},"excerpt":{"rendered":"<p>La obra es doblemente buena. Por un lado su esplendida edici\u00f3n y textos de Almudena. Por otra la que todos los beneficios van destinados a la fundaci\u00f3n Cultura Andaluza. Sus diferentes cap\u00edtulos desgranan, la cultura alimentaria, la historia de la gastronom\u00eda cordobesa, sus rutas gastron\u00f3micas, los vinos, aceites y otras delicias, y un amplio etc. [&hellip;]<!-- AddThis Advanced Settings generic via filter on get_the_excerpt --><!-- AddThis Share Buttons generic via filter on get_the_excerpt --><\/p>\n","protected":false},"author":5,"featured_media":0,"comment_status":"open","ping_status":"closed","sticky":false,"template":"","format":"standard","meta":[],"categories":[10],"tags":[],"_links":{"self":[{"href":"https:\/\/blogs.ideal.es\/cocina\/wp-json\/wp\/v2\/posts\/833"}],"collection":[{"href":"https:\/\/blogs.ideal.es\/cocina\/wp-json\/wp\/v2\/posts"}],"about":[{"href":"https:\/\/blogs.ideal.es\/cocina\/wp-json\/wp\/v2\/types\/post"}],"author":[{"embeddable":true,"href":"https:\/\/blogs.ideal.es\/cocina\/wp-json\/wp\/v2\/users\/5"}],"replies":[{"embeddable":true,"href":"https:\/\/blogs.ideal.es\/cocina\/wp-json\/wp\/v2\/comments?post=833"}],"version-history":[{"count":0,"href":"https:\/\/blogs.ideal.es\/cocina\/wp-json\/wp\/v2\/posts\/833\/revisions"}],"wp:attachment":[{"href":"https:\/\/blogs.ideal.es\/cocina\/wp-json\/wp\/v2\/media?parent=833"}],"wp:term":[{"taxonomy":"category","embeddable":true,"href":"https:\/\/blogs.ideal.es\/cocina\/wp-json\/wp\/v2\/categories?post=833"},{"taxonomy":"post_tag","embeddable":true,"href":"https:\/\/blogs.ideal.es\/cocina\/wp-json\/wp\/v2\/tags?post=833"}],"curies":[{"name":"wp","href":"https:\/\/api.w.org\/{rel}","templated":true}]}}