{"id":837,"date":"2013-01-20T17:58:56","date_gmt":"2013-01-20T16:58:56","guid":{"rendered":"http:\/\/blogs.ideal.es\/cocina\/?p=837"},"modified":"2013-01-20T17:58:56","modified_gmt":"2013-01-20T16:58:56","slug":"miel-de-cana-de-la-virgen-del-carmen","status":"publish","type":"post","link":"https:\/\/blogs.ideal.es\/cocina\/2013\/01\/20\/miel-de-cana-de-la-virgen-del-carmen\/","title":{"rendered":"Miel de ca\u00f1a de la Virgen del Carmen"},"content":{"rendered":"<p><a href=\"\/cocina\/wp-content\/uploads\/sites\/9\/2013\/01\/170113a.jpg\"><img loading=\"lazy\" class=\"aligncenter size-medium wp-image-838\" title=\"170113a\" src=\"\/cocina\/wp-content\/uploads\/sites\/9\/2013\/01\/170113a-300x221.jpg\" alt=\"\" width=\"300\" height=\"221\" srcset=\"https:\/\/static-blogs.ideal.es\/wp-content\/uploads\/sites\/9\/2013\/01\/170113a-300x221.jpg 300w, https:\/\/static-blogs.ideal.es\/wp-content\/uploads\/sites\/9\/2013\/01\/170113a.jpg 500w\" sizes=\"(max-width: 300px) 100vw, 300px\" \/><\/a><\/p>\n<p>La moda y la generalizaci\u00f3n de ofrecer en muchos bares los platos de berenjenas fritas, con su toque de miel de ca\u00f1a. Lo que ha permitido que muchas personas conocer este singular producto de elaboraci\u00f3n artesanal. Es el \u00fanico ingenio de Espa\u00f1a y quiz\u00e1s de Europa donde se elabora este tipo de miel. El pueblo se llama Frigiliana y merece la pena una visita. Situado en La Axarqu\u00eda malague\u00f1a. A un paso de la costa.<\/p>\n<!-- AddThis Advanced Settings generic via filter on the_content --><!-- AddThis Share Buttons generic via filter on the_content -->","protected":false},"excerpt":{"rendered":"<p>La moda y la generalizaci\u00f3n de ofrecer en muchos bares los platos de berenjenas fritas, con su toque de miel de ca\u00f1a. Lo que ha permitido que muchas personas conocer este singular producto de elaboraci\u00f3n artesanal. Es el \u00fanico ingenio de Espa\u00f1a y quiz\u00e1s de Europa donde se elabora este tipo de miel. El pueblo [&hellip;]<!-- AddThis Advanced Settings generic via filter on get_the_excerpt --><!-- AddThis Share Buttons generic via filter on get_the_excerpt --><\/p>\n","protected":false},"author":5,"featured_media":0,"comment_status":"open","ping_status":"closed","sticky":false,"template":"","format":"standard","meta":[],"categories":[4,12,14],"tags":[],"_links":{"self":[{"href":"https:\/\/blogs.ideal.es\/cocina\/wp-json\/wp\/v2\/posts\/837"}],"collection":[{"href":"https:\/\/blogs.ideal.es\/cocina\/wp-json\/wp\/v2\/posts"}],"about":[{"href":"https:\/\/blogs.ideal.es\/cocina\/wp-json\/wp\/v2\/types\/post"}],"author":[{"embeddable":true,"href":"https:\/\/blogs.ideal.es\/cocina\/wp-json\/wp\/v2\/users\/5"}],"replies":[{"embeddable":true,"href":"https:\/\/blogs.ideal.es\/cocina\/wp-json\/wp\/v2\/comments?post=837"}],"version-history":[{"count":0,"href":"https:\/\/blogs.ideal.es\/cocina\/wp-json\/wp\/v2\/posts\/837\/revisions"}],"wp:attachment":[{"href":"https:\/\/blogs.ideal.es\/cocina\/wp-json\/wp\/v2\/media?parent=837"}],"wp:term":[{"taxonomy":"category","embeddable":true,"href":"https:\/\/blogs.ideal.es\/cocina\/wp-json\/wp\/v2\/categories?post=837"},{"taxonomy":"post_tag","embeddable":true,"href":"https:\/\/blogs.ideal.es\/cocina\/wp-json\/wp\/v2\/tags?post=837"}],"curies":[{"name":"wp","href":"https:\/\/api.w.org\/{rel}","templated":true}]}}