{"id":839,"date":"2013-01-24T18:29:13","date_gmt":"2013-01-24T17:29:13","guid":{"rendered":"http:\/\/blogs.ideal.es\/cocina\/?p=839"},"modified":"2013-01-24T18:29:13","modified_gmt":"2013-01-24T17:29:13","slug":"aceitunas-fragata-premio-de-los-consumidores","status":"publish","type":"post","link":"https:\/\/blogs.ideal.es\/cocina\/2013\/01\/24\/aceitunas-fragata-premio-de-los-consumidores\/","title":{"rendered":"Aceitunas Fragata, premio de los consumidores"},"content":{"rendered":"<p><a href=\"\/cocina\/wp-content\/uploads\/sites\/9\/2013\/01\/180113.jpg\"><img loading=\"lazy\" class=\"aligncenter size-medium wp-image-840\" title=\"180113\" src=\"\/cocina\/wp-content\/uploads\/sites\/9\/2013\/01\/180113-151x300.jpg\" alt=\"\" width=\"151\" height=\"300\" \/><\/a><\/p>\n<p>A trav\u00e9s de un examen gustativo en laboratorios independientes, realizado en oto\u00f1o de 2012 y con la participaci\u00f3n de 480 consumidores representativos de la poblaci\u00f3n espa\u00f1ola, la marca de aceitunas Fragata Selecci\u00f3n de la empresa \u00c1ngel Camacho Alimentaci\u00f3n ha sido premiada como Sabor del A\u00f1o 2013 en la categor\u00eda de snacks salados. Un producto andaluz, con una cuidada elaboraci\u00f3n tradicional desde siempre<\/p>\n<p>&nbsp;<\/p>\n<p><strong>\u00a0<\/strong><\/p>\n<p><strong>\u00a0<\/strong><\/p>\n<p>&nbsp;<\/p>\n<p><strong>\u00a0<\/strong><\/p>\n<p><strong>\u00a0<\/strong><\/p>\n<p>&nbsp;<\/p>\n<p><span style=\"text-decoration: underline;\">\u00a0<\/span><\/p>\n<p>&nbsp;<\/p>\n<p><span style=\"text-decoration: underline;\">\u00a0<\/span><\/p>\n<!-- AddThis Advanced Settings generic via filter on the_content --><!-- AddThis Share Buttons generic via filter on the_content -->","protected":false},"excerpt":{"rendered":"<p>A trav\u00e9s de un examen gustativo en laboratorios independientes, realizado en oto\u00f1o de 2012 y con la participaci\u00f3n de 480 consumidores representativos de la poblaci\u00f3n espa\u00f1ola, la marca de aceitunas Fragata Selecci\u00f3n de la empresa \u00c1ngel Camacho Alimentaci\u00f3n ha sido premiada como Sabor del A\u00f1o 2013 en la categor\u00eda de snacks salados. Un producto andaluz, [&hellip;]<!-- AddThis Advanced Settings generic via filter on get_the_excerpt --><!-- AddThis Share Buttons generic via filter on get_the_excerpt --><\/p>\n","protected":false},"author":5,"featured_media":0,"comment_status":"open","ping_status":"closed","sticky":false,"template":"","format":"standard","meta":[],"categories":[8],"tags":[],"_links":{"self":[{"href":"https:\/\/blogs.ideal.es\/cocina\/wp-json\/wp\/v2\/posts\/839"}],"collection":[{"href":"https:\/\/blogs.ideal.es\/cocina\/wp-json\/wp\/v2\/posts"}],"about":[{"href":"https:\/\/blogs.ideal.es\/cocina\/wp-json\/wp\/v2\/types\/post"}],"author":[{"embeddable":true,"href":"https:\/\/blogs.ideal.es\/cocina\/wp-json\/wp\/v2\/users\/5"}],"replies":[{"embeddable":true,"href":"https:\/\/blogs.ideal.es\/cocina\/wp-json\/wp\/v2\/comments?post=839"}],"version-history":[{"count":0,"href":"https:\/\/blogs.ideal.es\/cocina\/wp-json\/wp\/v2\/posts\/839\/revisions"}],"wp:attachment":[{"href":"https:\/\/blogs.ideal.es\/cocina\/wp-json\/wp\/v2\/media?parent=839"}],"wp:term":[{"taxonomy":"category","embeddable":true,"href":"https:\/\/blogs.ideal.es\/cocina\/wp-json\/wp\/v2\/categories?post=839"},{"taxonomy":"post_tag","embeddable":true,"href":"https:\/\/blogs.ideal.es\/cocina\/wp-json\/wp\/v2\/tags?post=839"}],"curies":[{"name":"wp","href":"https:\/\/api.w.org\/{rel}","templated":true}]}}