{"id":841,"date":"2013-01-25T12:11:39","date_gmt":"2013-01-25T11:11:39","guid":{"rendered":"http:\/\/blogs.ideal.es\/cocina\/?p=841"},"modified":"2013-01-25T12:11:39","modified_gmt":"2013-01-25T11:11:39","slug":"plaza-tapas-un-amplio-surtido-a-la-carta","status":"publish","type":"post","link":"https:\/\/blogs.ideal.es\/cocina\/2013\/01\/25\/plaza-tapas-un-amplio-surtido-a-la-carta\/","title":{"rendered":"Plaza Tapas, un amplio surtido a la carta"},"content":{"rendered":"<p><a href=\"\/cocina\/wp-content\/uploads\/sites\/9\/2013\/01\/Foto-media-190113.jpg\"><img loading=\"lazy\" class=\"aligncenter size-medium wp-image-842\" title=\"Foto media 190113\" src=\"\/cocina\/wp-content\/uploads\/sites\/9\/2013\/01\/Foto-media-190113-300x225.jpg\" alt=\"\" width=\"300\" height=\"225\" srcset=\"https:\/\/static-blogs.ideal.es\/wp-content\/uploads\/sites\/9\/2013\/01\/Foto-media-190113-300x225.jpg 300w, https:\/\/static-blogs.ideal.es\/wp-content\/uploads\/sites\/9\/2013\/01\/Foto-media-190113-768x576.jpg 768w, https:\/\/static-blogs.ideal.es\/wp-content\/uploads\/sites\/9\/2013\/01\/Foto-media-190113.jpg 900w\" sizes=\"(max-width: 300px) 100vw, 300px\" \/><\/a><\/p>\n<p>Lugar: Plaza Tapas<br \/>\nDirecci\u00f3n: Avda. Doctor Oloriz. Plaza de toros. Granada<br \/>\nTel\u00e9fono: 958 805251<br \/>\nCierre: No cierra ning\u00fan d\u00eda<br \/>\nMen\u00fa del d\u00eda: 10 euros con bebida<br \/>\nTapas y m\u00e1s: Las hay en bocadillos, fr\u00edas y calientes. Sartenes y raciones. Excelente propuesta de vino san Crist\u00f3bal de Ribera de Duero o Rioja Marqu\u00e9s de Vargas con quesos, pat\u00e9s o jam\u00f3n ib\u00e9rico por 24 euros con una botella<\/p>\n<p>Ya saben que el coso taurino de Granada se ha convertido en un destino l\u00fadico y gastron\u00f3mico. Y entre todos los establecimientos que all\u00ed se ubican, me gust\u00f3 recalar en este amplio bar restaurante, que tiene el encanto que la tapa se puede escoger entre una amplia lista de propuestas. Un joven equipo que capitanea Ra\u00fal Aguirre y su esposa Sof\u00eda, los propietarios, junto a Carlos en cocina y Emilio, ofrecen un surtido variado con bastante buen punto. Tienen comedor superior, zona de fumadores y terraza. Esta semana ofrecen la Olla de San Ant\u00f3n.<\/p>\n<!-- AddThis Advanced Settings generic via filter on the_content --><!-- AddThis Share Buttons generic via filter on the_content -->","protected":false},"excerpt":{"rendered":"<p>Lugar: Plaza Tapas Direcci\u00f3n: Avda. Doctor Oloriz. Plaza de toros. Granada Tel\u00e9fono: 958 805251 Cierre: No cierra ning\u00fan d\u00eda Men\u00fa del d\u00eda: 10 euros con bebida Tapas y m\u00e1s: Las hay en bocadillos, fr\u00edas y calientes. Sartenes y raciones. Excelente propuesta de vino san Crist\u00f3bal de Ribera de Duero o Rioja Marqu\u00e9s de Vargas con [&hellip;]<!-- AddThis Advanced Settings generic via filter on get_the_excerpt --><!-- AddThis Share Buttons generic via filter on get_the_excerpt --><\/p>\n","protected":false},"author":5,"featured_media":0,"comment_status":"open","ping_status":"closed","sticky":false,"template":"","format":"standard","meta":[],"categories":[8],"tags":[],"_links":{"self":[{"href":"https:\/\/blogs.ideal.es\/cocina\/wp-json\/wp\/v2\/posts\/841"}],"collection":[{"href":"https:\/\/blogs.ideal.es\/cocina\/wp-json\/wp\/v2\/posts"}],"about":[{"href":"https:\/\/blogs.ideal.es\/cocina\/wp-json\/wp\/v2\/types\/post"}],"author":[{"embeddable":true,"href":"https:\/\/blogs.ideal.es\/cocina\/wp-json\/wp\/v2\/users\/5"}],"replies":[{"embeddable":true,"href":"https:\/\/blogs.ideal.es\/cocina\/wp-json\/wp\/v2\/comments?post=841"}],"version-history":[{"count":0,"href":"https:\/\/blogs.ideal.es\/cocina\/wp-json\/wp\/v2\/posts\/841\/revisions"}],"wp:attachment":[{"href":"https:\/\/blogs.ideal.es\/cocina\/wp-json\/wp\/v2\/media?parent=841"}],"wp:term":[{"taxonomy":"category","embeddable":true,"href":"https:\/\/blogs.ideal.es\/cocina\/wp-json\/wp\/v2\/categories?post=841"},{"taxonomy":"post_tag","embeddable":true,"href":"https:\/\/blogs.ideal.es\/cocina\/wp-json\/wp\/v2\/tags?post=841"}],"curies":[{"name":"wp","href":"https:\/\/api.w.org\/{rel}","templated":true}]}}