{"id":850,"date":"2013-01-27T11:49:13","date_gmt":"2013-01-27T10:49:13","guid":{"rendered":"http:\/\/blogs.ideal.es\/cocina\/?p=850"},"modified":"2013-01-27T11:49:13","modified_gmt":"2013-01-27T10:49:13","slug":"aceite-castillo-de-tabernas-ano-nuevo","status":"publish","type":"post","link":"https:\/\/blogs.ideal.es\/cocina\/2013\/01\/27\/aceite-castillo-de-tabernas-ano-nuevo\/","title":{"rendered":"Aceite Castillo de tabernas, &#8220;A\u00f1o nuevo&#8221;"},"content":{"rendered":"<p><a href=\"\/cocina\/wp-content\/uploads\/sites\/9\/2013\/01\/210113.jpg\"><img loading=\"lazy\" class=\"aligncenter size-medium wp-image-851\" title=\"210113\" src=\"\/cocina\/wp-content\/uploads\/sites\/9\/2013\/01\/210113-75x300.jpg\" alt=\"\" width=\"75\" height=\"300\" \/><\/a><\/p>\n<p>Esta almazara de Almer\u00eda ha sacado una edici\u00f3n especial de su aceite de oliva virgen extra. \u00a0Es puro zumo de oliva 100% natural y sin filtrar. Se podr\u00e1 degustar desde diciembre hasta marzo. Y corresponde a los primeros\u00a0d\u00edas\u00a0de cosecha (antes del 30 de noviembre) cuando las aceitunas est\u00e1n verdes en su mayor\u00eda. La temperatura de extracci\u00f3n es de 20\u00ba, con un rendimiento muy bajo del 12%, pero una mayor calidad.<\/p>\n<!-- AddThis Advanced Settings generic via filter on the_content --><!-- AddThis Share Buttons generic via filter on the_content -->","protected":false},"excerpt":{"rendered":"<p>Esta almazara de Almer\u00eda ha sacado una edici\u00f3n especial de su aceite de oliva virgen extra. \u00a0Es puro zumo de oliva 100% natural y sin filtrar. Se podr\u00e1 degustar desde diciembre hasta marzo. Y corresponde a los primeros\u00a0d\u00edas\u00a0de cosecha (antes del 30 de noviembre) cuando las aceitunas est\u00e1n verdes en su mayor\u00eda. La temperatura de [&hellip;]<!-- AddThis Advanced Settings generic via filter on get_the_excerpt --><!-- AddThis Share Buttons generic via filter on get_the_excerpt --><\/p>\n","protected":false},"author":5,"featured_media":0,"comment_status":"open","ping_status":"closed","sticky":false,"template":"","format":"standard","meta":[],"categories":[3,14],"tags":[],"_links":{"self":[{"href":"https:\/\/blogs.ideal.es\/cocina\/wp-json\/wp\/v2\/posts\/850"}],"collection":[{"href":"https:\/\/blogs.ideal.es\/cocina\/wp-json\/wp\/v2\/posts"}],"about":[{"href":"https:\/\/blogs.ideal.es\/cocina\/wp-json\/wp\/v2\/types\/post"}],"author":[{"embeddable":true,"href":"https:\/\/blogs.ideal.es\/cocina\/wp-json\/wp\/v2\/users\/5"}],"replies":[{"embeddable":true,"href":"https:\/\/blogs.ideal.es\/cocina\/wp-json\/wp\/v2\/comments?post=850"}],"version-history":[{"count":0,"href":"https:\/\/blogs.ideal.es\/cocina\/wp-json\/wp\/v2\/posts\/850\/revisions"}],"wp:attachment":[{"href":"https:\/\/blogs.ideal.es\/cocina\/wp-json\/wp\/v2\/media?parent=850"}],"wp:term":[{"taxonomy":"category","embeddable":true,"href":"https:\/\/blogs.ideal.es\/cocina\/wp-json\/wp\/v2\/categories?post=850"},{"taxonomy":"post_tag","embeddable":true,"href":"https:\/\/blogs.ideal.es\/cocina\/wp-json\/wp\/v2\/tags?post=850"}],"curies":[{"name":"wp","href":"https:\/\/api.w.org\/{rel}","templated":true}]}}