{"id":873,"date":"2013-02-13T19:39:05","date_gmt":"2013-02-13T18:39:05","guid":{"rendered":"http:\/\/blogs.ideal.es\/cocina\/?p=873"},"modified":"2013-02-13T19:39:05","modified_gmt":"2013-02-13T18:39:05","slug":"la-excelente-mermelada-de-clementina-lola","status":"publish","type":"post","link":"https:\/\/blogs.ideal.es\/cocina\/2013\/02\/13\/la-excelente-mermelada-de-clementina-lola\/","title":{"rendered":"La excelente mermelada de Clementina Lola"},"content":{"rendered":"<p><a href=\"\/cocina\/wp-content\/uploads\/sites\/9\/2013\/02\/090213.jpg\"><img loading=\"lazy\" class=\"aligncenter size-medium wp-image-874\" title=\"090213\" src=\"\/cocina\/wp-content\/uploads\/sites\/9\/2013\/02\/090213-148x300.jpg\" alt=\"\" width=\"148\" height=\"300\" \/><\/a><\/p>\n<p>Hacer una buena mermelada es f\u00e1cil. Siempre y cuando se cuente con excelente materia prima. Y en el caso de Naranjas Lola, las tienen y de sobra. La elaboran con la variedad Clementina. Que seg\u00fan internet su origen fue una hibridaci\u00f3n accidental descubierta por el Padre Cl\u00e9ment Rodier a finales del siglo XIX en el jard\u00edn de su orfanato en Argelia. Otros autores opinan que se origin\u00f3 en China antes.<\/p>\n<!-- AddThis Advanced Settings generic via filter on the_content --><!-- AddThis Share Buttons generic via filter on the_content -->","protected":false},"excerpt":{"rendered":"<p>Hacer una buena mermelada es f\u00e1cil. Siempre y cuando se cuente con excelente materia prima. Y en el caso de Naranjas Lola, las tienen y de sobra. La elaboran con la variedad Clementina. Que seg\u00fan internet su origen fue una hibridaci\u00f3n accidental descubierta por el Padre Cl\u00e9ment Rodier a finales del siglo XIX en el [&hellip;]<!-- AddThis Advanced Settings generic via filter on get_the_excerpt --><!-- AddThis Share Buttons generic via filter on get_the_excerpt --><\/p>\n","protected":false},"author":5,"featured_media":0,"comment_status":"open","ping_status":"closed","sticky":false,"template":"","format":"standard","meta":[],"categories":[4,8,11,12],"tags":[],"_links":{"self":[{"href":"https:\/\/blogs.ideal.es\/cocina\/wp-json\/wp\/v2\/posts\/873"}],"collection":[{"href":"https:\/\/blogs.ideal.es\/cocina\/wp-json\/wp\/v2\/posts"}],"about":[{"href":"https:\/\/blogs.ideal.es\/cocina\/wp-json\/wp\/v2\/types\/post"}],"author":[{"embeddable":true,"href":"https:\/\/blogs.ideal.es\/cocina\/wp-json\/wp\/v2\/users\/5"}],"replies":[{"embeddable":true,"href":"https:\/\/blogs.ideal.es\/cocina\/wp-json\/wp\/v2\/comments?post=873"}],"version-history":[{"count":0,"href":"https:\/\/blogs.ideal.es\/cocina\/wp-json\/wp\/v2\/posts\/873\/revisions"}],"wp:attachment":[{"href":"https:\/\/blogs.ideal.es\/cocina\/wp-json\/wp\/v2\/media?parent=873"}],"wp:term":[{"taxonomy":"category","embeddable":true,"href":"https:\/\/blogs.ideal.es\/cocina\/wp-json\/wp\/v2\/categories?post=873"},{"taxonomy":"post_tag","embeddable":true,"href":"https:\/\/blogs.ideal.es\/cocina\/wp-json\/wp\/v2\/tags?post=873"}],"curies":[{"name":"wp","href":"https:\/\/api.w.org\/{rel}","templated":true}]}}