{"id":875,"date":"2013-02-17T19:43:59","date_gmt":"2013-02-17T18:43:59","guid":{"rendered":"http:\/\/blogs.ideal.es\/cocina\/?p=875"},"modified":"2013-02-17T19:43:59","modified_gmt":"2013-02-17T18:43:59","slug":"aceite-ove-variedad-royal-de-castillo-de-canena","status":"publish","type":"post","link":"https:\/\/blogs.ideal.es\/cocina\/2013\/02\/17\/aceite-ove-variedad-royal-de-castillo-de-canena\/","title":{"rendered":"Aceite OVE variedad Royal de Castillo de Canena"},"content":{"rendered":"<p><a href=\"\/cocina\/wp-content\/uploads\/sites\/9\/2013\/02\/110213.jpg\"><img loading=\"lazy\" class=\"aligncenter size-medium wp-image-876\" title=\"110213\" src=\"\/cocina\/wp-content\/uploads\/sites\/9\/2013\/02\/110213-200x300.jpg\" alt=\"\" width=\"200\" height=\"300\" srcset=\"https:\/\/static-blogs.ideal.es\/wp-content\/uploads\/sites\/9\/2013\/02\/110213-200x300.jpg 200w, https:\/\/static-blogs.ideal.es\/wp-content\/uploads\/sites\/9\/2013\/02\/110213-768x1152.jpg 768w, https:\/\/static-blogs.ideal.es\/wp-content\/uploads\/sites\/9\/2013\/02\/110213-683x1024.jpg 683w, https:\/\/static-blogs.ideal.es\/wp-content\/uploads\/sites\/9\/2013\/02\/110213.jpg 2000w\" sizes=\"(max-width: 200px) 100vw, 200px\" \/><\/a><\/p>\n<p>La famosa y premiada almazara Castillo de Canena elabora selectos zumos de aceituna. Por ejemplo de la recuperada variedad Royal, aut\u00f3ctona de la provincia de Ja\u00e9n cuyo cultivo en la zona se remonta a siglos atr\u00e1s. Su cultivo ha sufrido una dr\u00e1stica recesi\u00f3n desde finales del siglo XIX y primera mitad del XX hasta casi su total extinci\u00f3n, tan solo escasas 1.200 hect\u00e1reas dan testimonio de esta notable varietal.<\/p>\n<p>&nbsp;<\/p>\n<!-- AddThis Advanced Settings generic via filter on the_content --><!-- AddThis Share Buttons generic via filter on the_content -->","protected":false},"excerpt":{"rendered":"<p>La famosa y premiada almazara Castillo de Canena elabora selectos zumos de aceituna. Por ejemplo de la recuperada variedad Royal, aut\u00f3ctona de la provincia de Ja\u00e9n cuyo cultivo en la zona se remonta a siglos atr\u00e1s. Su cultivo ha sufrido una dr\u00e1stica recesi\u00f3n desde finales del siglo XIX y primera mitad del XX hasta casi [&hellip;]<!-- AddThis Advanced Settings generic via filter on get_the_excerpt --><!-- AddThis Share Buttons generic via filter on get_the_excerpt --><\/p>\n","protected":false},"author":5,"featured_media":0,"comment_status":"open","ping_status":"closed","sticky":false,"template":"","format":"standard","meta":[],"categories":[3,4,14],"tags":[],"_links":{"self":[{"href":"https:\/\/blogs.ideal.es\/cocina\/wp-json\/wp\/v2\/posts\/875"}],"collection":[{"href":"https:\/\/blogs.ideal.es\/cocina\/wp-json\/wp\/v2\/posts"}],"about":[{"href":"https:\/\/blogs.ideal.es\/cocina\/wp-json\/wp\/v2\/types\/post"}],"author":[{"embeddable":true,"href":"https:\/\/blogs.ideal.es\/cocina\/wp-json\/wp\/v2\/users\/5"}],"replies":[{"embeddable":true,"href":"https:\/\/blogs.ideal.es\/cocina\/wp-json\/wp\/v2\/comments?post=875"}],"version-history":[{"count":0,"href":"https:\/\/blogs.ideal.es\/cocina\/wp-json\/wp\/v2\/posts\/875\/revisions"}],"wp:attachment":[{"href":"https:\/\/blogs.ideal.es\/cocina\/wp-json\/wp\/v2\/media?parent=875"}],"wp:term":[{"taxonomy":"category","embeddable":true,"href":"https:\/\/blogs.ideal.es\/cocina\/wp-json\/wp\/v2\/categories?post=875"},{"taxonomy":"post_tag","embeddable":true,"href":"https:\/\/blogs.ideal.es\/cocina\/wp-json\/wp\/v2\/tags?post=875"}],"curies":[{"name":"wp","href":"https:\/\/api.w.org\/{rel}","templated":true}]}}