{"id":879,"date":"2013-02-19T19:37:34","date_gmt":"2013-02-19T18:37:34","guid":{"rendered":"http:\/\/blogs.ideal.es\/cocina\/?p=879"},"modified":"2013-02-19T19:37:34","modified_gmt":"2013-02-19T18:37:34","slug":"las-secas-de-angel-en-el-pueblo-de-huescar","status":"publish","type":"post","link":"https:\/\/blogs.ideal.es\/cocina\/2013\/02\/19\/las-secas-de-angel-en-el-pueblo-de-huescar\/","title":{"rendered":"Las secas de \u00c1ngel, en el pueblo de Hu\u00e9scar"},"content":{"rendered":"<p><a href=\"\/cocina\/wp-content\/uploads\/sites\/9\/2013\/02\/130213.jpg\"><img loading=\"lazy\" class=\"aligncenter size-medium wp-image-880\" title=\"130213\" src=\"\/cocina\/wp-content\/uploads\/sites\/9\/2013\/02\/130213-130x300.jpg\" alt=\"\" width=\"130\" height=\"300\" srcset=\"https:\/\/static-blogs.ideal.es\/wp-content\/uploads\/sites\/9\/2013\/02\/130213-130x300.jpg 130w, https:\/\/static-blogs.ideal.es\/wp-content\/uploads\/sites\/9\/2013\/02\/130213.jpg 390w\" sizes=\"(max-width: 130px) 100vw, 130px\" \/><\/a><\/p>\n<p>&nbsp;<\/p>\n<p>&nbsp;<\/p>\n<p>ENERO 2013<\/p>\n<p><a href=\"\/cocina\/wp-content\/uploads\/sites\/9\/2013\/02\/1302131.jpg\"><img loading=\"lazy\" class=\"aligncenter size-medium wp-image-881\" title=\"130213\" src=\"\/cocina\/wp-content\/uploads\/sites\/9\/2013\/02\/1302131-130x300.jpg\" alt=\"\" width=\"130\" height=\"300\" srcset=\"https:\/\/static-blogs.ideal.es\/wp-content\/uploads\/sites\/9\/2013\/02\/1302131-130x300.jpg 130w, https:\/\/static-blogs.ideal.es\/wp-content\/uploads\/sites\/9\/2013\/02\/1302131.jpg 390w\" sizes=\"(max-width: 130px) 100vw, 130px\" \/><\/a><\/p>\n<p>Seguro que a muchos de ustedes esta &#8220;delicatessen&#8221; no le suena. Una pena. Si lo hicieran en Francia ser\u00eda uno de los productos m\u00e1s singulares y destacados. Las &#8220;secas&#8221; son unas peque\u00f1as porciones finas de masa de pan, con aceite y ca\u00f1amones. Toda una tentaci\u00f3n que \u00c1ngel en la calle San Francisco, elabora en su panader\u00eda pasteler\u00eda. Es un producto at\u00e1vico que se hace en la zona, y que recomiendo hay que conocer<\/p>\n<p>&nbsp;<\/p>\n<p>&nbsp;<\/p>\n<p>&nbsp;<\/p>\n<p>&nbsp;<\/p>\n<p>&nbsp;<\/p>\n<p>&nbsp;<\/p>\n<p>&nbsp;<\/p>\n<p>&nbsp;<\/p>\n<p>&nbsp;<\/p>\n<p>&nbsp;<\/p>\n<p>&nbsp;<\/p>\n<p>&nbsp;<\/p>\n<p>&nbsp;<\/p>\n<p>&nbsp;<\/p>\n<p>&nbsp;<\/p>\n<p>&nbsp;<\/p>\n<p>&nbsp;<\/p>\n<p>&nbsp;<\/p>\n<p>&nbsp;<\/p>\n<p>&nbsp;<\/p>\n<p>&nbsp;<\/p>\n<p>&nbsp;<\/p>\n<p>&nbsp;<\/p>\n<p>&nbsp;<\/p>\n<p>&nbsp;<\/p>\n<p>&nbsp;<\/p>\n<p>&nbsp;<\/p>\n<p>&nbsp;<\/p>\n<p>&nbsp;<\/p>\n<p>&nbsp;<\/p>\n<!-- AddThis Advanced Settings generic via filter on the_content --><!-- AddThis Share Buttons generic via filter on the_content -->","protected":false},"excerpt":{"rendered":"<p>&nbsp; &nbsp; ENERO 2013 Seguro que a muchos de ustedes esta &#8220;delicatessen&#8221; no le suena. Una pena. Si lo hicieran en Francia ser\u00eda uno de los productos m\u00e1s singulares y destacados. Las &#8220;secas&#8221; son unas peque\u00f1as porciones finas de masa de pan, con aceite y ca\u00f1amones. Toda una tentaci\u00f3n que \u00c1ngel en la calle San [&hellip;]<!-- AddThis Advanced Settings generic via filter on get_the_excerpt --><!-- AddThis Share Buttons generic via filter on get_the_excerpt --><\/p>\n","protected":false},"author":5,"featured_media":0,"comment_status":"open","ping_status":"closed","sticky":false,"template":"","format":"standard","meta":[],"categories":[3,4,14],"tags":[],"_links":{"self":[{"href":"https:\/\/blogs.ideal.es\/cocina\/wp-json\/wp\/v2\/posts\/879"}],"collection":[{"href":"https:\/\/blogs.ideal.es\/cocina\/wp-json\/wp\/v2\/posts"}],"about":[{"href":"https:\/\/blogs.ideal.es\/cocina\/wp-json\/wp\/v2\/types\/post"}],"author":[{"embeddable":true,"href":"https:\/\/blogs.ideal.es\/cocina\/wp-json\/wp\/v2\/users\/5"}],"replies":[{"embeddable":true,"href":"https:\/\/blogs.ideal.es\/cocina\/wp-json\/wp\/v2\/comments?post=879"}],"version-history":[{"count":0,"href":"https:\/\/blogs.ideal.es\/cocina\/wp-json\/wp\/v2\/posts\/879\/revisions"}],"wp:attachment":[{"href":"https:\/\/blogs.ideal.es\/cocina\/wp-json\/wp\/v2\/media?parent=879"}],"wp:term":[{"taxonomy":"category","embeddable":true,"href":"https:\/\/blogs.ideal.es\/cocina\/wp-json\/wp\/v2\/categories?post=879"},{"taxonomy":"post_tag","embeddable":true,"href":"https:\/\/blogs.ideal.es\/cocina\/wp-json\/wp\/v2\/tags?post=879"}],"curies":[{"name":"wp","href":"https:\/\/api.w.org\/{rel}","templated":true}]}}