{"id":884,"date":"2013-02-20T19:23:17","date_gmt":"2013-02-20T18:23:17","guid":{"rendered":"http:\/\/blogs.ideal.es\/cocina\/?p=884"},"modified":"2013-02-20T19:23:17","modified_gmt":"2013-02-20T18:23:17","slug":"los-ricos-mangos-de-la-costa-tropical","status":"publish","type":"post","link":"https:\/\/blogs.ideal.es\/cocina\/2013\/02\/20\/los-ricos-mangos-de-la-costa-tropical\/","title":{"rendered":"Los ricos mangos de la Costa Tropical"},"content":{"rendered":"<p><a href=\"\/cocina\/wp-content\/uploads\/sites\/9\/2013\/02\/160213.jpg\"><img loading=\"lazy\" class=\"aligncenter size-medium wp-image-885\" title=\"160213\" src=\"\/cocina\/wp-content\/uploads\/sites\/9\/2013\/02\/160213-300x255.jpg\" alt=\"\" width=\"300\" height=\"255\" srcset=\"https:\/\/static-blogs.ideal.es\/wp-content\/uploads\/sites\/9\/2013\/02\/160213-300x255.jpg 300w, https:\/\/static-blogs.ideal.es\/wp-content\/uploads\/sites\/9\/2013\/02\/160213.jpg 336w\" sizes=\"(max-width: 300px) 100vw, 300px\" \/><\/a><\/p>\n<p>Los mangos es todav\u00eda una fruta que no se le saca todo el partido. Tanto palatal como nutricional. Seg\u00fan veo en internet, comer mango es una buena manera de prevenir la ca\u00edda del pelo. Se cree que ayuda a combatir el insomnio, nos ayuda a estar m\u00e1s tranquilos y prevenir la debilidad muscular. En la India son usados para tener una sangre saludable y por lo tanto \u00fatiles para tratar anemias. Tomarlos maduros<\/p>\n<!-- AddThis Advanced Settings generic via filter on the_content --><!-- AddThis Share Buttons generic via filter on the_content -->","protected":false},"excerpt":{"rendered":"<p>Los mangos es todav\u00eda una fruta que no se le saca todo el partido. Tanto palatal como nutricional. Seg\u00fan veo en internet, comer mango es una buena manera de prevenir la ca\u00edda del pelo. Se cree que ayuda a combatir el insomnio, nos ayuda a estar m\u00e1s tranquilos y prevenir la debilidad muscular. En la [&hellip;]<!-- AddThis Advanced Settings generic via filter on get_the_excerpt --><!-- AddThis Share Buttons generic via filter on get_the_excerpt --><\/p>\n","protected":false},"author":5,"featured_media":0,"comment_status":"open","ping_status":"closed","sticky":false,"template":"","format":"standard","meta":[],"categories":[8],"tags":[],"_links":{"self":[{"href":"https:\/\/blogs.ideal.es\/cocina\/wp-json\/wp\/v2\/posts\/884"}],"collection":[{"href":"https:\/\/blogs.ideal.es\/cocina\/wp-json\/wp\/v2\/posts"}],"about":[{"href":"https:\/\/blogs.ideal.es\/cocina\/wp-json\/wp\/v2\/types\/post"}],"author":[{"embeddable":true,"href":"https:\/\/blogs.ideal.es\/cocina\/wp-json\/wp\/v2\/users\/5"}],"replies":[{"embeddable":true,"href":"https:\/\/blogs.ideal.es\/cocina\/wp-json\/wp\/v2\/comments?post=884"}],"version-history":[{"count":0,"href":"https:\/\/blogs.ideal.es\/cocina\/wp-json\/wp\/v2\/posts\/884\/revisions"}],"wp:attachment":[{"href":"https:\/\/blogs.ideal.es\/cocina\/wp-json\/wp\/v2\/media?parent=884"}],"wp:term":[{"taxonomy":"category","embeddable":true,"href":"https:\/\/blogs.ideal.es\/cocina\/wp-json\/wp\/v2\/categories?post=884"},{"taxonomy":"post_tag","embeddable":true,"href":"https:\/\/blogs.ideal.es\/cocina\/wp-json\/wp\/v2\/tags?post=884"}],"curies":[{"name":"wp","href":"https:\/\/api.w.org\/{rel}","templated":true}]}}