{"id":889,"date":"2013-02-22T10:55:04","date_gmt":"2013-02-22T09:55:04","guid":{"rendered":"http:\/\/blogs.ideal.es\/cocina\/?p=889"},"modified":"2013-02-22T10:55:04","modified_gmt":"2013-02-22T09:55:04","slug":"castel-gandolfo-un-destino-tambien-para-visitar-y-comer","status":"publish","type":"post","link":"https:\/\/blogs.ideal.es\/cocina\/2013\/02\/22\/castel-gandolfo-un-destino-tambien-para-visitar-y-comer\/","title":{"rendered":"Castel Gandolfo, un destino tambi\u00e9n para visitar y comer"},"content":{"rendered":"<p><a href=\"\/cocina\/wp-content\/uploads\/sites\/9\/2013\/02\/Foto-mediana-160213.jpg\"><img loading=\"lazy\" class=\"aligncenter size-medium wp-image-890\" title=\"Foto mediana 160213\" src=\"\/cocina\/wp-content\/uploads\/sites\/9\/2013\/02\/Foto-mediana-160213-300x200.jpg\" alt=\"\" width=\"300\" height=\"200\" srcset=\"https:\/\/static-blogs.ideal.es\/wp-content\/uploads\/sites\/9\/2013\/02\/Foto-mediana-160213-300x200.jpg 300w, https:\/\/static-blogs.ideal.es\/wp-content\/uploads\/sites\/9\/2013\/02\/Foto-mediana-160213-768x512.jpg 768w, https:\/\/static-blogs.ideal.es\/wp-content\/uploads\/sites\/9\/2013\/02\/Foto-mediana-160213.jpg 900w\" sizes=\"(max-width: 300px) 100vw, 300px\" \/><\/a><\/p>\n<p>A partir del d\u00eda 28 de este mes, este tranquilo pueblo, situado a media hora en coche de Roma, ser\u00e1 el foco de la atenci\u00f3n mundial. En una de sus plazas se encuentra enclavado el palacio propiedad del Vaticano, donde los\u00a0pont\u00edfices\u00a0pasan su periodo de descanso estival, a orillas del lago Albano. Este palacio posee derechos de extraterritorialidad y es administrado por la Santa Sede, siendo la residencia de descanso del Papa. El complejo contiene tambi\u00e9n el Observatorio Vaticano, que cuenta con un telescopio en la azotea. Desde los balcones del palacio se observa el lago y en sus terrenos que alcanzan unas 55 hect\u00e1reas se encuentran los renombrados jardines papales. Pero el pueblo en si tambi\u00e9n \u00a0tiene encanto y merece un paseo y una buena comida, en alguno de sus restaurantes. Por ejemplo en Antico Ristorante Pagnanelli. Tambi\u00e9n puede tomar una pizza en Il Grottino o en alguna taberna del pueblo. Un lugar apacible, con maravillosas vistas y con mucha historia y color<\/p>\n<!-- AddThis Advanced Settings generic via filter on the_content --><!-- AddThis Share Buttons generic via filter on the_content -->","protected":false},"excerpt":{"rendered":"<p>A partir del d\u00eda 28 de este mes, este tranquilo pueblo, situado a media hora en coche de Roma, ser\u00e1 el foco de la atenci\u00f3n mundial. En una de sus plazas se encuentra enclavado el palacio propiedad del Vaticano, donde los\u00a0pont\u00edfices\u00a0pasan su periodo de descanso estival, a orillas del lago Albano. Este palacio posee derechos [&hellip;]<!-- AddThis Advanced Settings generic via filter on get_the_excerpt --><!-- AddThis Share Buttons generic via filter on get_the_excerpt --><\/p>\n","protected":false},"author":5,"featured_media":0,"comment_status":"open","ping_status":"closed","sticky":false,"template":"","format":"standard","meta":[],"categories":[3],"tags":[],"_links":{"self":[{"href":"https:\/\/blogs.ideal.es\/cocina\/wp-json\/wp\/v2\/posts\/889"}],"collection":[{"href":"https:\/\/blogs.ideal.es\/cocina\/wp-json\/wp\/v2\/posts"}],"about":[{"href":"https:\/\/blogs.ideal.es\/cocina\/wp-json\/wp\/v2\/types\/post"}],"author":[{"embeddable":true,"href":"https:\/\/blogs.ideal.es\/cocina\/wp-json\/wp\/v2\/users\/5"}],"replies":[{"embeddable":true,"href":"https:\/\/blogs.ideal.es\/cocina\/wp-json\/wp\/v2\/comments?post=889"}],"version-history":[{"count":0,"href":"https:\/\/blogs.ideal.es\/cocina\/wp-json\/wp\/v2\/posts\/889\/revisions"}],"wp:attachment":[{"href":"https:\/\/blogs.ideal.es\/cocina\/wp-json\/wp\/v2\/media?parent=889"}],"wp:term":[{"taxonomy":"category","embeddable":true,"href":"https:\/\/blogs.ideal.es\/cocina\/wp-json\/wp\/v2\/categories?post=889"},{"taxonomy":"post_tag","embeddable":true,"href":"https:\/\/blogs.ideal.es\/cocina\/wp-json\/wp\/v2\/tags?post=889"}],"curies":[{"name":"wp","href":"https:\/\/api.w.org\/{rel}","templated":true}]}}