{"id":894,"date":"2013-02-22T12:37:36","date_gmt":"2013-02-22T11:37:36","guid":{"rendered":"http:\/\/blogs.ideal.es\/cocina\/?p=894"},"modified":"2013-02-22T12:37:36","modified_gmt":"2013-02-22T11:37:36","slug":"el-ritual-de-la-matanza-una-cuestion-atavica-y-familiar","status":"publish","type":"post","link":"https:\/\/blogs.ideal.es\/cocina\/2013\/02\/22\/el-ritual-de-la-matanza-una-cuestion-atavica-y-familiar\/","title":{"rendered":"El ritual de la matanza, una cuesti\u00f3n at\u00e1vica y familiar"},"content":{"rendered":"<p><a href=\"\/cocina\/wp-content\/uploads\/sites\/9\/2013\/02\/Foto-grande-160213.jpg\"><img loading=\"lazy\" class=\"aligncenter size-medium wp-image-895\" title=\"Foto grande 160213\" src=\"\/cocina\/wp-content\/uploads\/sites\/9\/2013\/02\/Foto-grande-160213-300x225.jpg\" alt=\"\" width=\"300\" height=\"225\" srcset=\"https:\/\/static-blogs.ideal.es\/wp-content\/uploads\/sites\/9\/2013\/02\/Foto-grande-160213-300x225.jpg 300w, https:\/\/static-blogs.ideal.es\/wp-content\/uploads\/sites\/9\/2013\/02\/Foto-grande-160213-768x576.jpg 768w, https:\/\/static-blogs.ideal.es\/wp-content\/uploads\/sites\/9\/2013\/02\/Foto-grande-160213-1024x768.jpg 1024w, https:\/\/static-blogs.ideal.es\/wp-content\/uploads\/sites\/9\/2013\/02\/Foto-grande-160213.jpg 1200w\" sizes=\"(max-width: 300px) 100vw, 300px\" \/><\/a><\/p>\n<p>El otro d\u00eda la familia Fresneda, los propietarios de los restaurantes El Ma\u00f1o de Hu\u00e9scar y F\u00e1tima, convocaron a un grupo de amigos con motivo de matar cinco porcinos, criados por ellos mismos. Seguro que en el \u00e1nimo festivo de los asistentes no cab\u00eda reflexi\u00f3n del porque se sigue haciendo, cada vez menos, este ritual gastron\u00f3mico de forma p\u00fablica. Si bien, con solo echar la vista atr\u00e1s y consultar algunos tratados y obras, entre ellas la de Julio Caro Baroja, dan la clave de este acto publico en que los anfitriones invitan a sus amigos a una jornada festera. Pero que hace muchos a\u00f1os tenia un peso que hasta pod\u00eda ir la vida en ello.<br \/>\nCuando Antonio y sus hijos Emilio y Toni, tras todos los certificados sanitarios, junto a familiares y amigos despiezaban los cochinos, para m\u00e1s tarde compartir unas migas con panceta y su asadura, seguro que no sab\u00edan que repet\u00edan un acto que cuando se realiza la expulsi\u00f3n de los \u00faltimos moriscos, tenia una importancia primordial. El hacer p\u00fablicamente ingesta de productos del cerdo, era acatar el nuevo orden social y pol\u00edtico que hab\u00eda llegado con la conquista del Reino de Granada. Esta claro que comer &#8220;jalufo&#8221; o productos derivados del cerdo, sigue prohibido por el Cor\u00e1n y El Profeta. Por tanto hacer exhibici\u00f3n p\u00fablica de su ingesta era demostrar que se era &#8220;cristiano viejo&#8221; o que al menos aceptaban las nuevas normas religiosas y alimentarias.<br \/>\nEl Ma\u00f1o tiene fama en sus restaurantes de las buenas viandas que ofrecen a sus clientes y parroquianos. Prueba de ello es el cari\u00f1o y la buena mano que tienen para preparar sus variados platos, donde tambi\u00e9n es estrella el famoso cordero segure\u00f1o que se cr\u00eda en la zona, y que preparan a la brasa o al horno. Famosos son sus men\u00fas de boda, donde las viandas son rutilantes y generosas. De modo que ya saben, si van por tierras de Hu\u00e9scar o a F\u00e1tima, recalen en sus mesas y ya me contar\u00e1. Tambi\u00e9n puede tapear en su animada barra que ofrece tapas a elegir como jam\u00f3n. Setas salteadas o sus montadito de panceta.<\/p>\n<!-- AddThis Advanced Settings generic via filter on the_content --><!-- AddThis Share Buttons generic via filter on the_content -->","protected":false},"excerpt":{"rendered":"<p>El otro d\u00eda la familia Fresneda, los propietarios de los restaurantes El Ma\u00f1o de Hu\u00e9scar y F\u00e1tima, convocaron a un grupo de amigos con motivo de matar cinco porcinos, criados por ellos mismos. Seguro que en el \u00e1nimo festivo de los asistentes no cab\u00eda reflexi\u00f3n del porque se sigue haciendo, cada vez menos, este ritual [&hellip;]<!-- AddThis Advanced Settings generic via filter on get_the_excerpt --><!-- AddThis Share Buttons generic via filter on get_the_excerpt --><\/p>\n","protected":false},"author":5,"featured_media":0,"comment_status":"open","ping_status":"closed","sticky":false,"template":"","format":"standard","meta":[],"categories":[3,4,11],"tags":[],"_links":{"self":[{"href":"https:\/\/blogs.ideal.es\/cocina\/wp-json\/wp\/v2\/posts\/894"}],"collection":[{"href":"https:\/\/blogs.ideal.es\/cocina\/wp-json\/wp\/v2\/posts"}],"about":[{"href":"https:\/\/blogs.ideal.es\/cocina\/wp-json\/wp\/v2\/types\/post"}],"author":[{"embeddable":true,"href":"https:\/\/blogs.ideal.es\/cocina\/wp-json\/wp\/v2\/users\/5"}],"replies":[{"embeddable":true,"href":"https:\/\/blogs.ideal.es\/cocina\/wp-json\/wp\/v2\/comments?post=894"}],"version-history":[{"count":0,"href":"https:\/\/blogs.ideal.es\/cocina\/wp-json\/wp\/v2\/posts\/894\/revisions"}],"wp:attachment":[{"href":"https:\/\/blogs.ideal.es\/cocina\/wp-json\/wp\/v2\/media?parent=894"}],"wp:term":[{"taxonomy":"category","embeddable":true,"href":"https:\/\/blogs.ideal.es\/cocina\/wp-json\/wp\/v2\/categories?post=894"},{"taxonomy":"post_tag","embeddable":true,"href":"https:\/\/blogs.ideal.es\/cocina\/wp-json\/wp\/v2\/tags?post=894"}],"curies":[{"name":"wp","href":"https:\/\/api.w.org\/{rel}","templated":true}]}}