{"id":908,"date":"2013-03-05T18:41:17","date_gmt":"2013-03-05T17:41:17","guid":{"rendered":"http:\/\/blogs.ideal.es\/cocina\/?p=908"},"modified":"2013-03-05T18:41:17","modified_gmt":"2013-03-05T17:41:17","slug":"aceite-castillo-de-canena-para-el-dia-de-andalucia","status":"publish","type":"post","link":"https:\/\/blogs.ideal.es\/cocina\/2013\/03\/05\/aceite-castillo-de-canena-para-el-dia-de-andalucia\/","title":{"rendered":"Aceite Castillo de Canena para el D\u00eda de Andaluc\u00eda"},"content":{"rendered":"<p><a href=\"\/cocina\/wp-content\/uploads\/sites\/9\/2013\/03\/2802131.jpg\"><img loading=\"lazy\" class=\"aligncenter size-medium wp-image-910\" title=\"280213\" src=\"\/cocina\/wp-content\/uploads\/sites\/9\/2013\/03\/2802131-300x300.jpg\" alt=\"\" width=\"300\" height=\"300\" srcset=\"https:\/\/static-blogs.ideal.es\/wp-content\/uploads\/sites\/9\/2013\/03\/2802131-300x300.jpg 300w, https:\/\/static-blogs.ideal.es\/wp-content\/uploads\/sites\/9\/2013\/03\/2802131-150x150.jpg 150w, https:\/\/static-blogs.ideal.es\/wp-content\/uploads\/sites\/9\/2013\/03\/2802131.jpg 600w\" sizes=\"(max-width: 300px) 100vw, 300px\" \/><\/a><\/p>\n<p>La familia Ba\u00f1\u00f3 no se limita solo ha elaborar excelsos aceites en su Castillo de Canena. Tambi\u00e9n piensan en el marketing y la promoci\u00f3n. Y en este caso han pidieron a otro famoso andaluz, el cantante Alejandro Sanz, que realizase una etiqueta donde evoca un \u00e1rbol, donde dibuja en sus frutos como atributos del esfuerzo, la buena voluntad y el trabajo bien hecho. Algo a emular este d\u00eda de la fiesta de Andaluc\u00eda<\/p>\n<!-- AddThis Advanced Settings generic via filter on the_content --><!-- AddThis Share Buttons generic via filter on the_content -->","protected":false},"excerpt":{"rendered":"<p>La familia Ba\u00f1\u00f3 no se limita solo ha elaborar excelsos aceites en su Castillo de Canena. Tambi\u00e9n piensan en el marketing y la promoci\u00f3n. Y en este caso han pidieron a otro famoso andaluz, el cantante Alejandro Sanz, que realizase una etiqueta donde evoca un \u00e1rbol, donde dibuja en sus frutos como atributos del esfuerzo, [&hellip;]<!-- AddThis Advanced Settings generic via filter on get_the_excerpt --><!-- AddThis Share Buttons generic via filter on get_the_excerpt --><\/p>\n","protected":false},"author":5,"featured_media":0,"comment_status":"open","ping_status":"closed","sticky":false,"template":"","format":"standard","meta":[],"categories":[3,4,8],"tags":[],"_links":{"self":[{"href":"https:\/\/blogs.ideal.es\/cocina\/wp-json\/wp\/v2\/posts\/908"}],"collection":[{"href":"https:\/\/blogs.ideal.es\/cocina\/wp-json\/wp\/v2\/posts"}],"about":[{"href":"https:\/\/blogs.ideal.es\/cocina\/wp-json\/wp\/v2\/types\/post"}],"author":[{"embeddable":true,"href":"https:\/\/blogs.ideal.es\/cocina\/wp-json\/wp\/v2\/users\/5"}],"replies":[{"embeddable":true,"href":"https:\/\/blogs.ideal.es\/cocina\/wp-json\/wp\/v2\/comments?post=908"}],"version-history":[{"count":0,"href":"https:\/\/blogs.ideal.es\/cocina\/wp-json\/wp\/v2\/posts\/908\/revisions"}],"wp:attachment":[{"href":"https:\/\/blogs.ideal.es\/cocina\/wp-json\/wp\/v2\/media?parent=908"}],"wp:term":[{"taxonomy":"category","embeddable":true,"href":"https:\/\/blogs.ideal.es\/cocina\/wp-json\/wp\/v2\/categories?post=908"},{"taxonomy":"post_tag","embeddable":true,"href":"https:\/\/blogs.ideal.es\/cocina\/wp-json\/wp\/v2\/tags?post=908"}],"curies":[{"name":"wp","href":"https:\/\/api.w.org\/{rel}","templated":true}]}}