{"id":924,"date":"2013-03-15T11:07:55","date_gmt":"2013-03-15T10:07:55","guid":{"rendered":"http:\/\/blogs.ideal.es\/cocina\/?p=924"},"modified":"2013-03-15T11:07:55","modified_gmt":"2013-03-15T10:07:55","slug":"el-piloto-alain-prost-cocina-con-alvaro-arriaga","status":"publish","type":"post","link":"https:\/\/blogs.ideal.es\/cocina\/2013\/03\/15\/el-piloto-alain-prost-cocina-con-alvaro-arriaga\/","title":{"rendered":"El piloto Alain Prost cocina con \u00c1lvaro Arriaga"},"content":{"rendered":"<p><a href=\"\/cocina\/wp-content\/uploads\/sites\/9\/2013\/03\/Foto-mediana-090313.jpg\"><img loading=\"lazy\" class=\"aligncenter size-medium wp-image-925\" title=\"Foto mediana 090313\" src=\"\/cocina\/wp-content\/uploads\/sites\/9\/2013\/03\/Foto-mediana-090313-200x300.jpg\" alt=\"\" width=\"200\" height=\"300\" srcset=\"https:\/\/static-blogs.ideal.es\/wp-content\/uploads\/sites\/9\/2013\/03\/Foto-mediana-090313-200x300.jpg 200w, https:\/\/static-blogs.ideal.es\/wp-content\/uploads\/sites\/9\/2013\/03\/Foto-mediana-090313.jpg 640w\" sizes=\"(max-width: 200px) 100vw, 200px\" \/><\/a><\/p>\n<p>En Granada se presenta a nivel mundial un modelo nuevo de Renault, y el restaurante de Arriaga ha sido elegido para dar de comer a los invitados internacionales. Son m\u00e1s de 600 y entre ellos Alain Prost, piloto de Formula 1 y embajador internacional de Renault, que cocin\u00f3 con \u00c1lvaro. El cual tiene nuevos platos como: tortillitas de camarones, sin harina y sin camar\u00f3n. Carpaccio de presa ib\u00e9rica. At\u00fan rojo de almadraba, sobre crema de arroz de mar. Lomo de merluza, asado en brasa, \u00a0rabito de cerdo ib\u00e9rico o su peculiar melocot\u00f3n al vino tinto<\/p>\n<p>Lugar: \u00c1lvaro Arriaga<br \/>\nDirecci\u00f3n: C\/ Av de las Ciencias, 2<br \/>\nCentro Cultural CajaGRANADA Memoria de Andaluc\u00eda<br \/>\nTel\u00e9fono: 958 132619<br \/>\nMen\u00fa de Prost: El piloto y los invitados tomaron la versi\u00f3n del Remoj\u00f3n granadino, que hace Arriaga, lomo de pato braseado con cremoso de patatas y setas silvestres. Y de postre las chocolatinas de pralin\u00e9 y frambuesa. Todo regado con vinos tintos de Rioja.<\/p>\n<!-- AddThis Advanced Settings generic via filter on the_content --><!-- AddThis Share Buttons generic via filter on the_content -->","protected":false},"excerpt":{"rendered":"<p>En Granada se presenta a nivel mundial un modelo nuevo de Renault, y el restaurante de Arriaga ha sido elegido para dar de comer a los invitados internacionales. Son m\u00e1s de 600 y entre ellos Alain Prost, piloto de Formula 1 y embajador internacional de Renault, que cocin\u00f3 con \u00c1lvaro. El cual tiene nuevos platos [&hellip;]<!-- AddThis Advanced Settings generic via filter on get_the_excerpt --><!-- AddThis Share Buttons generic via filter on get_the_excerpt --><\/p>\n","protected":false},"author":5,"featured_media":0,"comment_status":"open","ping_status":"closed","sticky":false,"template":"","format":"standard","meta":[],"categories":[3,8],"tags":[],"_links":{"self":[{"href":"https:\/\/blogs.ideal.es\/cocina\/wp-json\/wp\/v2\/posts\/924"}],"collection":[{"href":"https:\/\/blogs.ideal.es\/cocina\/wp-json\/wp\/v2\/posts"}],"about":[{"href":"https:\/\/blogs.ideal.es\/cocina\/wp-json\/wp\/v2\/types\/post"}],"author":[{"embeddable":true,"href":"https:\/\/blogs.ideal.es\/cocina\/wp-json\/wp\/v2\/users\/5"}],"replies":[{"embeddable":true,"href":"https:\/\/blogs.ideal.es\/cocina\/wp-json\/wp\/v2\/comments?post=924"}],"version-history":[{"count":0,"href":"https:\/\/blogs.ideal.es\/cocina\/wp-json\/wp\/v2\/posts\/924\/revisions"}],"wp:attachment":[{"href":"https:\/\/blogs.ideal.es\/cocina\/wp-json\/wp\/v2\/media?parent=924"}],"wp:term":[{"taxonomy":"category","embeddable":true,"href":"https:\/\/blogs.ideal.es\/cocina\/wp-json\/wp\/v2\/categories?post=924"},{"taxonomy":"post_tag","embeddable":true,"href":"https:\/\/blogs.ideal.es\/cocina\/wp-json\/wp\/v2\/tags?post=924"}],"curies":[{"name":"wp","href":"https:\/\/api.w.org\/{rel}","templated":true}]}}