{"id":930,"date":"2013-03-19T14:29:55","date_gmt":"2013-03-19T13:29:55","guid":{"rendered":"http:\/\/blogs.ideal.es\/cocina\/?p=930"},"modified":"2013-03-19T14:29:55","modified_gmt":"2013-03-19T13:29:55","slug":"el-libro-del-buen-explorador","status":"publish","type":"post","link":"https:\/\/blogs.ideal.es\/cocina\/2013\/03\/19\/el-libro-del-buen-explorador\/","title":{"rendered":"El Libro del buen explorador"},"content":{"rendered":"<p><a href=\"\/cocina\/wp-content\/uploads\/sites\/9\/2013\/03\/140313.jpg\"><img loading=\"lazy\" class=\"aligncenter size-medium wp-image-931\" title=\"140313\" src=\"\/cocina\/wp-content\/uploads\/sites\/9\/2013\/03\/140313-219x300.jpg\" alt=\"\" width=\"219\" height=\"300\" \/><\/a><\/p>\n<p>Ya hubiese querido yo disponer de un manual tan f\u00e1cil y tan recomendable de seguir sus pautas, en mis tiempos j\u00f3venes. Este manual de supervivencia es indispensable para los que amamos la naturaleza y hacemos excursiones o traves\u00edas, de mayor o menor dificultad. El libro trata sobre la selva, desierto, polos, bosques y monta\u00f1as,\u00a0r\u00edos\u00a0y mares, aire y orientaci\u00f3n. Son buenos consejos y lo edita Lonely Planet<\/p>\n<!-- AddThis Advanced Settings generic via filter on the_content --><!-- AddThis Share Buttons generic via filter on the_content -->","protected":false},"excerpt":{"rendered":"<p>Ya hubiese querido yo disponer de un manual tan f\u00e1cil y tan recomendable de seguir sus pautas, en mis tiempos j\u00f3venes. Este manual de supervivencia es indispensable para los que amamos la naturaleza y hacemos excursiones o traves\u00edas, de mayor o menor dificultad. El libro trata sobre la selva, desierto, polos, bosques y monta\u00f1as,\u00a0r\u00edos\u00a0y mares, [&hellip;]<!-- AddThis Advanced Settings generic via filter on get_the_excerpt --><!-- AddThis Share Buttons generic via filter on get_the_excerpt --><\/p>\n","protected":false},"author":5,"featured_media":0,"comment_status":"open","ping_status":"closed","sticky":false,"template":"","format":"standard","meta":[],"categories":[10],"tags":[],"_links":{"self":[{"href":"https:\/\/blogs.ideal.es\/cocina\/wp-json\/wp\/v2\/posts\/930"}],"collection":[{"href":"https:\/\/blogs.ideal.es\/cocina\/wp-json\/wp\/v2\/posts"}],"about":[{"href":"https:\/\/blogs.ideal.es\/cocina\/wp-json\/wp\/v2\/types\/post"}],"author":[{"embeddable":true,"href":"https:\/\/blogs.ideal.es\/cocina\/wp-json\/wp\/v2\/users\/5"}],"replies":[{"embeddable":true,"href":"https:\/\/blogs.ideal.es\/cocina\/wp-json\/wp\/v2\/comments?post=930"}],"version-history":[{"count":0,"href":"https:\/\/blogs.ideal.es\/cocina\/wp-json\/wp\/v2\/posts\/930\/revisions"}],"wp:attachment":[{"href":"https:\/\/blogs.ideal.es\/cocina\/wp-json\/wp\/v2\/media?parent=930"}],"wp:term":[{"taxonomy":"category","embeddable":true,"href":"https:\/\/blogs.ideal.es\/cocina\/wp-json\/wp\/v2\/categories?post=930"},{"taxonomy":"post_tag","embeddable":true,"href":"https:\/\/blogs.ideal.es\/cocina\/wp-json\/wp\/v2\/tags?post=930"}],"curies":[{"name":"wp","href":"https:\/\/api.w.org\/{rel}","templated":true}]}}