{"id":933,"date":"2013-03-19T21:54:04","date_gmt":"2013-03-19T20:54:04","guid":{"rendered":"http:\/\/blogs.ideal.es\/cocina\/?p=933"},"modified":"2013-03-19T21:54:04","modified_gmt":"2013-03-19T20:54:04","slug":"aceite-de-oliva-virgen-extra-bio-conde-de-benalua","status":"publish","type":"post","link":"https:\/\/blogs.ideal.es\/cocina\/2013\/03\/19\/aceite-de-oliva-virgen-extra-bio-conde-de-benalua\/","title":{"rendered":"Aceite de oliva virgen extra BIO Conde de Benal\u00faa"},"content":{"rendered":"<p><a href=\"\/cocina\/wp-content\/uploads\/sites\/9\/2013\/03\/150313.jpg\"><img loading=\"lazy\" class=\"aligncenter size-medium wp-image-934\" title=\"DORICA BIO 0,50\" src=\"\/cocina\/wp-content\/uploads\/sites\/9\/2013\/03\/150313-82x300.jpg\" alt=\"\" width=\"82\" height=\"300\" \/><\/a><\/p>\n<p>Una de las m\u00e1s activas almazaras de la provincia de Granada, sin duda es la Cooperativa San Sebasti\u00e1n que se fund\u00f3 nada menos que en 1954. Actualmente cuenta con mas de 1800 socios con una superficie de olivar superior a las 11.000 hect\u00e1reas de olivar en r\u00e9gimen de producci\u00f3n integrada certificadas por Certifood y otras 450 Ha. en agricultura ecol\u00f3gica certificadas por el CAAE en Benal\u00faa de las Villas<\/p>\n<p>&nbsp;<\/p>\n<p>&nbsp;<\/p>\n<!-- AddThis Advanced Settings generic via filter on the_content --><!-- AddThis Share Buttons generic via filter on the_content -->","protected":false},"excerpt":{"rendered":"<p>Una de las m\u00e1s activas almazaras de la provincia de Granada, sin duda es la Cooperativa San Sebasti\u00e1n que se fund\u00f3 nada menos que en 1954. Actualmente cuenta con mas de 1800 socios con una superficie de olivar superior a las 11.000 hect\u00e1reas de olivar en r\u00e9gimen de producci\u00f3n integrada certificadas por Certifood y otras [&hellip;]<!-- AddThis Advanced Settings generic via filter on get_the_excerpt --><!-- AddThis Share Buttons generic via filter on get_the_excerpt --><\/p>\n","protected":false},"author":5,"featured_media":0,"comment_status":"open","ping_status":"closed","sticky":false,"template":"","format":"standard","meta":[],"categories":[3,8],"tags":[],"_links":{"self":[{"href":"https:\/\/blogs.ideal.es\/cocina\/wp-json\/wp\/v2\/posts\/933"}],"collection":[{"href":"https:\/\/blogs.ideal.es\/cocina\/wp-json\/wp\/v2\/posts"}],"about":[{"href":"https:\/\/blogs.ideal.es\/cocina\/wp-json\/wp\/v2\/types\/post"}],"author":[{"embeddable":true,"href":"https:\/\/blogs.ideal.es\/cocina\/wp-json\/wp\/v2\/users\/5"}],"replies":[{"embeddable":true,"href":"https:\/\/blogs.ideal.es\/cocina\/wp-json\/wp\/v2\/comments?post=933"}],"version-history":[{"count":0,"href":"https:\/\/blogs.ideal.es\/cocina\/wp-json\/wp\/v2\/posts\/933\/revisions"}],"wp:attachment":[{"href":"https:\/\/blogs.ideal.es\/cocina\/wp-json\/wp\/v2\/media?parent=933"}],"wp:term":[{"taxonomy":"category","embeddable":true,"href":"https:\/\/blogs.ideal.es\/cocina\/wp-json\/wp\/v2\/categories?post=933"},{"taxonomy":"post_tag","embeddable":true,"href":"https:\/\/blogs.ideal.es\/cocina\/wp-json\/wp\/v2\/tags?post=933"}],"curies":[{"name":"wp","href":"https:\/\/api.w.org\/{rel}","templated":true}]}}