{"id":935,"date":"2013-03-20T21:14:31","date_gmt":"2013-03-20T20:14:31","guid":{"rendered":"http:\/\/blogs.ideal.es\/cocina\/?p=935"},"modified":"2013-03-20T21:14:31","modified_gmt":"2013-03-20T20:14:31","slug":"granada-de-tapas-un-animado-concurso-para-todos-los-gustos","status":"publish","type":"post","link":"https:\/\/blogs.ideal.es\/cocina\/2013\/03\/20\/granada-de-tapas-un-animado-concurso-para-todos-los-gustos\/","title":{"rendered":"Granada de tapas, un animado concurso para todos los gustos"},"content":{"rendered":"<p><a href=\"\/cocina\/wp-content\/uploads\/sites\/9\/2013\/03\/160313a.jpg\"><img loading=\"lazy\" class=\"aligncenter size-medium wp-image-936\" title=\"DOCU_GRUPO LA CADENA VASCA LIZARR\u00c1N TRAE SU MODELO CULINARIO DE PINCHOS A MIAMI\" src=\"\/cocina\/wp-content\/uploads\/sites\/9\/2013\/03\/160313a-300x200.jpg\" alt=\"\" width=\"300\" height=\"200\" srcset=\"https:\/\/static-blogs.ideal.es\/wp-content\/uploads\/sites\/9\/2013\/03\/160313a-300x200.jpg 300w, https:\/\/static-blogs.ideal.es\/wp-content\/uploads\/sites\/9\/2013\/03\/160313a-768x513.jpg 768w, https:\/\/static-blogs.ideal.es\/wp-content\/uploads\/sites\/9\/2013\/03\/160313a-1024x684.jpg 1024w, https:\/\/static-blogs.ideal.es\/wp-content\/uploads\/sites\/9\/2013\/03\/160313a.jpg 1200w\" sizes=\"(max-width: 300px) 100vw, 300px\" \/><\/a><\/p>\n<p>Granada capital anda de fiesta gastron\u00f3mica. Desde el d\u00eda 14 hasta el de San Jos\u00e9, d\u00eda 19 se celebra la V Edici\u00f3n de Granada de Tapas. Y con el fin de promocionar este concurso de la tapa granadina, su oferta gastron\u00f3mica y el destino tur\u00edstico de Granada, este a\u00f1o todos aquellos que deseen degustar y valorar las propuestas que presentan los establecimientos participantes en esta edici\u00f3n podr\u00e1n beneficiarse de la posibilidad de ganar una escapada gastron\u00f3mica a la ciudad, (noche hotel para 2 personas, ruta por los establecimientos ganadores, 2 bonos tur\u00edsticos y un almuerzo o cena en uno de los restaurantes). Es tan f\u00e1cil como \u201ctomarse una tapa concurso\u201d en alguno de los<br \/>\nestablecimientos participantes. Debe de hacer una o varias fotos de la tapa y\/o la tapa de algunos de los bares y restaurantes participantes y remitirla por redes sociales o correo electr\u00f3nico como prueba de participaci\u00f3n. Indicado su nombre y datos de contacto. A cada foto que va llegando, se le atribuye un n\u00famero aleatorio, que despu\u00e9s entraran todos en sorteo y tendremos un ganador. Los detalles y bases de este sorteo as\u00ed como el mapa oficial del evento con todas las rutas se encuentran disponibles en la web www.tapasengranada.es<br \/>\nHoy s\u00e1bado, a partir de las 18 horas, aproximadamente se conocer\u00e1 a los ganadores, que compiten en las diferentes categor\u00edas. 1\u00ba, 2\u00ba y 3\u00ba premio a la mejor tapa en categor\u00eda de Restaurantes. 1\u00ba, 2\u00ba y 3\u00ba premio a la mejor tapa en categor\u00eda de Bares. Adem\u00e1s se otorgan premios a: Maridaje con Cervezas Alhambra mas tapa. Un premio al maridaje vino Denominaci\u00f3n de Origen Granada m\u00e1s tapa. Y un premio a la tapa elaborada con productos de Granada. Durante dos d\u00edas, jueves y viernes un jurado compuesto por profesionales de la hosteler\u00eda y otro de medios de comunicaci\u00f3n han recorrido los 73 establecimientos participantes para valorar su tapa concursante. Que no siempre tiene que ser novedosa. Puede ser una tapa t\u00edpica de la casa. El d\u00eda 19 se entregan los premios en el ayuntamiento<\/p>\n<!-- AddThis Advanced Settings generic via filter on the_content --><!-- AddThis Share Buttons generic via filter on the_content -->","protected":false},"excerpt":{"rendered":"<p>Granada capital anda de fiesta gastron\u00f3mica. Desde el d\u00eda 14 hasta el de San Jos\u00e9, d\u00eda 19 se celebra la V Edici\u00f3n de Granada de Tapas. Y con el fin de promocionar este concurso de la tapa granadina, su oferta gastron\u00f3mica y el destino tur\u00edstico de Granada, este a\u00f1o todos aquellos que deseen degustar y [&hellip;]<!-- AddThis Advanced Settings generic via filter on get_the_excerpt --><!-- AddThis Share Buttons generic via filter on get_the_excerpt --><\/p>\n","protected":false},"author":5,"featured_media":0,"comment_status":"open","ping_status":"closed","sticky":false,"template":"","format":"standard","meta":[],"categories":[3,4,11,14],"tags":[],"_links":{"self":[{"href":"https:\/\/blogs.ideal.es\/cocina\/wp-json\/wp\/v2\/posts\/935"}],"collection":[{"href":"https:\/\/blogs.ideal.es\/cocina\/wp-json\/wp\/v2\/posts"}],"about":[{"href":"https:\/\/blogs.ideal.es\/cocina\/wp-json\/wp\/v2\/types\/post"}],"author":[{"embeddable":true,"href":"https:\/\/blogs.ideal.es\/cocina\/wp-json\/wp\/v2\/users\/5"}],"replies":[{"embeddable":true,"href":"https:\/\/blogs.ideal.es\/cocina\/wp-json\/wp\/v2\/comments?post=935"}],"version-history":[{"count":0,"href":"https:\/\/blogs.ideal.es\/cocina\/wp-json\/wp\/v2\/posts\/935\/revisions"}],"wp:attachment":[{"href":"https:\/\/blogs.ideal.es\/cocina\/wp-json\/wp\/v2\/media?parent=935"}],"wp:term":[{"taxonomy":"category","embeddable":true,"href":"https:\/\/blogs.ideal.es\/cocina\/wp-json\/wp\/v2\/categories?post=935"},{"taxonomy":"post_tag","embeddable":true,"href":"https:\/\/blogs.ideal.es\/cocina\/wp-json\/wp\/v2\/tags?post=935"}],"curies":[{"name":"wp","href":"https:\/\/api.w.org\/{rel}","templated":true}]}}